{"id":22479,"date":"2025-08-19T13:24:27","date_gmt":"2025-08-19T16:24:27","guid":{"rendered":"https:\/\/blogdodanielgalvao.com.br\/site\/?p=22479"},"modified":"2025-08-19T13:24:27","modified_gmt":"2025-08-19T16:24:27","slug":"cabo-frio-intensifica-sinalizacao-em-cruzamento-de-grande-fluxo","status":"publish","type":"post","link":"https:\/\/blogdodanielgalvao.com.br\/site\/cabo-frio-intensifica-sinalizacao-em-cruzamento-de-grande-fluxo\/","title":{"rendered":"Cabo Frio intensifica sinaliza\u00e7\u00e3o em cruzamento de grande fluxo"},"content":{"rendered":"<p>A Prefeitura de Cabo Frio, por meio da Secretaria de Mobilidade Urbana, realizou nesta segunda-feira (18) o refor\u00e7o da sinaliza\u00e7\u00e3o horizontal no cruzamento que conecta os bairros Guriri, Gamboa e Jacar\u00e9. A medida tem como prop\u00f3sito organizar melhor o tr\u00e1fego, aumentar a seguran\u00e7a vi\u00e1ria e facilitar o deslocamento de motoristas e pedestres.<\/p>\n<p>Entre as melhorias implantadas, est\u00e3o a revitaliza\u00e7\u00e3o das faixas de canaliza\u00e7\u00e3o, respons\u00e1veis por ordenar o fluxo de ve\u00edculos e separar \u00e1reas destinadas \u00e0 circula\u00e7\u00e3o daquelas que n\u00e3o devem ser ocupadas, al\u00e9m da repintura das faixas de pedestres, que garantem maior prote\u00e7\u00e3o a quem atravessa a via. Tamb\u00e9m foram renovadas as faixas diagonais amarelas, que delimitam os espa\u00e7os proibidos para ve\u00edculos, orientando de forma mais clara os condutores.<\/p>\n<p>A administra\u00e7\u00e3o municipal ressalta que a sinaliza\u00e7\u00e3o horizontal desempenha papel fundamental na preven\u00e7\u00e3o de acidentes, na fluidez do tr\u00e2nsito e na constru\u00e7\u00e3o de um ambiente vi\u00e1rio mais seguro e organizado\u00a0para\u00a0todos.<\/p>\n","protected":false},"excerpt":{"rendered":"<p>A Prefeitura de Cabo Frio, por meio da Secretaria de Mobilidade Urbana, realizou nesta segunda-feira (18) o refor\u00e7o da sinaliza\u00e7\u00e3o horizontal no cruzamento que conecta os bairros Guriri, Gamboa e Jacar\u00e9. A medida tem como prop\u00f3sito organizar melhor o tr\u00e1fego, aumentar a seguran\u00e7a vi\u00e1ria e facilitar o deslocamento de motoristas e pedestres. Entre as melhorias [&hellip;]<\/p>\n","protected":false},"author":2,"featured_media":22480,"comment_status":"open","ping_status":"open","sticky":true,"template":"","format":"standard","meta":{"footnotes":""},"categories":[340],"tags":[1896],"class_list":["post-22479","post","type-post","status-publish","format-standard","has-post-thumbnail","hentry","category-cabo-frio","tag-destaque"],"_links":{"self":[{"href":"https:\/\/blogdodanielgalvao.com.br\/site\/wp-json\/wp\/v2\/posts\/22479","targetHints":{"allow":["GET"]}}],"collection":[{"href":"https:\/\/blogdodanielgalvao.com.br\/site\/wp-json\/wp\/v2\/posts"}],"about":[{"href":"https:\/\/blogdodanielgalvao.com.br\/site\/wp-json\/wp\/v2\/types\/post"}],"author":[{"embeddable":true,"href":"https:\/\/blogdodanielgalvao.com.br\/site\/wp-json\/wp\/v2\/users\/2"}],"replies":[{"embeddable":true,"href":"https:\/\/blogdodanielgalvao.com.br\/site\/wp-json\/wp\/v2\/comments?post=22479"}],"version-history":[{"count":1,"href":"https:\/\/blogdodanielgalvao.com.br\/site\/wp-json\/wp\/v2\/posts\/22479\/revisions"}],"predecessor-version":[{"id":22481,"href":"https:\/\/blogdodanielgalvao.com.br\/site\/wp-json\/wp\/v2\/posts\/22479\/revisions\/22481"}],"wp:featuredmedia":[{"embeddable":true,"href":"https:\/\/blogdodanielgalvao.com.br\/site\/wp-json\/wp\/v2\/media\/22480"}],"wp:attachment":[{"href":"https:\/\/blogdodanielgalvao.com.br\/site\/wp-json\/wp\/v2\/media?parent=22479"}],"wp:term":[{"taxonomy":"category","embeddable":true,"href":"https:\/\/blogdodanielgalvao.com.br\/site\/wp-json\/wp\/v2\/categories?post=22479"},{"taxonomy":"post_tag","embeddable":true,"href":"https:\/\/blogdodanielgalvao.com.br\/site\/wp-json\/wp\/v2\/tags?post=22479"}],"curies":[{"name":"wp","href":"https:\/\/api.w.org\/{rel}","templated":true}]}}