{"id":22476,"date":"2025-08-19T13:20:12","date_gmt":"2025-08-19T16:20:12","guid":{"rendered":"https:\/\/blogdodanielgalvao.com.br\/site\/?p=22476"},"modified":"2025-08-19T13:20:12","modified_gmt":"2025-08-19T16:20:12","slug":"obras-no-teatro-inah-de-azevedo-recebem-inspecao-de-seguranca","status":"publish","type":"post","link":"https:\/\/blogdodanielgalvao.com.br\/site\/obras-no-teatro-inah-de-azevedo-recebem-inspecao-de-seguranca\/","title":{"rendered":"Obras no Teatro Inah de Azevedo recebem inspe\u00e7\u00e3o de seguran\u00e7a"},"content":{"rendered":"<p>O Teatro Municipal Inah de Azevedo Mureb, fechado desde janeiro de 2017, est\u00e1 em processo de recupera\u00e7\u00e3o, resultado da parceria entre a Prefeitura de Cabo Frio e o Governo do Estado do Rio de Janeiro, por meio da Secretaria Estadual de Ci\u00eancia e Tecnologia e da Funda\u00e7\u00e3o de Apoio \u00e0 Escola T\u00e9cnica (Faetec).<\/p>\n<p>Na \u00faltima segunda-feira (18), a Defesa Civil realizou uma inspe\u00e7\u00e3o t\u00e9cnica nas obras a pedido do secret\u00e1rio municipal de Cultura, Carlos Ernesto Lopes. A vistoria contou tamb\u00e9m com a presen\u00e7a da arquiteta e secret\u00e1ria adjunta de Urbanismo, Natalia Singh, respons\u00e1vel pelo projeto de moderniza\u00e7\u00e3o e revitaliza\u00e7\u00e3o do espa\u00e7o cultural.<\/p>\n<p>De acordo com Marcus Dothavio, coordenador geral da Defesa Civil, o objetivo foi verificar as condi\u00e7\u00f5es de seguran\u00e7a do pr\u00e9dio. \u201cSeguran\u00e7a \u00e9 primordial porque \u00e9 um local de concentra\u00e7\u00e3o de p\u00fablico. Estamos vistoriando todo o sistema preventivo contra inc\u00eandio e p\u00e2nico que j\u00e1 existia anteriormente. Agora vamos levantar todo o material dispon\u00edvel e, em seguida, atender \u00e0s exig\u00eancias do Corpo de Bombeiros para que o teatro possa voltar a funcionar\u201d, afirmou.<\/p>\n<p>O secret\u00e1rio de Cultura, Carlos Ernesto Lopes, destacou que o processo reflete a vis\u00e3o de futuro da atual gest\u00e3o. \u201cA dire\u00e7\u00e3o tomada pelo prefeito de Cabo Frio demonstra um olhar voltado para o futuro da cidade, com base no apre\u00e7o pela cultura local e no compromisso em promover esse setor essencial\u201d, declarou.<\/p>\n<p>J\u00e1 a arquiteta Natalia Singh refor\u00e7ou que a obra vai al\u00e9m da simples recupera\u00e7\u00e3o estrutural. \u201cO objetivo \u00e9 requalificar o espa\u00e7o, modernizar suas instala\u00e7\u00f5es e melhorar o entorno, garantindo que o teatro retorne em sua melhor forma, como no passado\u201d,\u00a0explicou.<\/p>\n","protected":false},"excerpt":{"rendered":"<p>O Teatro Municipal Inah de Azevedo Mureb, fechado desde janeiro de 2017, est\u00e1 em processo de recupera\u00e7\u00e3o, resultado da parceria entre a Prefeitura de Cabo Frio e o Governo do Estado do Rio de Janeiro, por meio da Secretaria Estadual de Ci\u00eancia e Tecnologia e da Funda\u00e7\u00e3o de Apoio \u00e0 Escola T\u00e9cnica (Faetec). Na \u00faltima [&hellip;]<\/p>\n","protected":false},"author":2,"featured_media":22477,"comment_status":"open","ping_status":"open","sticky":true,"template":"","format":"standard","meta":{"footnotes":""},"categories":[340],"tags":[1896],"class_list":["post-22476","post","type-post","status-publish","format-standard","has-post-thumbnail","hentry","category-cabo-frio","tag-destaque"],"_links":{"self":[{"href":"https:\/\/blogdodanielgalvao.com.br\/site\/wp-json\/wp\/v2\/posts\/22476","targetHints":{"allow":["GET"]}}],"collection":[{"href":"https:\/\/blogdodanielgalvao.com.br\/site\/wp-json\/wp\/v2\/posts"}],"about":[{"href":"https:\/\/blogdodanielgalvao.com.br\/site\/wp-json\/wp\/v2\/types\/post"}],"author":[{"embeddable":true,"href":"https:\/\/blogdodanielgalvao.com.br\/site\/wp-json\/wp\/v2\/users\/2"}],"replies":[{"embeddable":true,"href":"https:\/\/blogdodanielgalvao.com.br\/site\/wp-json\/wp\/v2\/comments?post=22476"}],"version-history":[{"count":1,"href":"https:\/\/blogdodanielgalvao.com.br\/site\/wp-json\/wp\/v2\/posts\/22476\/revisions"}],"predecessor-version":[{"id":22478,"href":"https:\/\/blogdodanielgalvao.com.br\/site\/wp-json\/wp\/v2\/posts\/22476\/revisions\/22478"}],"wp:featuredmedia":[{"embeddable":true,"href":"https:\/\/blogdodanielgalvao.com.br\/site\/wp-json\/wp\/v2\/media\/22477"}],"wp:attachment":[{"href":"https:\/\/blogdodanielgalvao.com.br\/site\/wp-json\/wp\/v2\/media?parent=22476"}],"wp:term":[{"taxonomy":"category","embeddable":true,"href":"https:\/\/blogdodanielgalvao.com.br\/site\/wp-json\/wp\/v2\/categories?post=22476"},{"taxonomy":"post_tag","embeddable":true,"href":"https:\/\/blogdodanielgalvao.com.br\/site\/wp-json\/wp\/v2\/tags?post=22476"}],"curies":[{"name":"wp","href":"https:\/\/api.w.org\/{rel}","templated":true}]}}