{"id":22469,"date":"2025-08-19T12:30:24","date_gmt":"2025-08-19T15:30:24","guid":{"rendered":"https:\/\/blogdodanielgalvao.com.br\/site\/?p=22469"},"modified":"2025-08-19T12:30:24","modified_gmt":"2025-08-19T15:30:24","slug":"atendimento-medico-gratuito-e-acessivel-campos-prepara-ambulatorio-movel-escolar","status":"publish","type":"post","link":"https:\/\/blogdodanielgalvao.com.br\/site\/atendimento-medico-gratuito-e-acessivel-campos-prepara-ambulatorio-movel-escolar\/","title":{"rendered":"Atendimento m\u00e9dico gratuito e acess\u00edvel: Campos prepara ambulat\u00f3rio m\u00f3vel escolar"},"content":{"rendered":"<p>O Caminh\u00e3o Sa\u00fade na Escola est\u00e1 em fase final de montagem em Campos. Nesta semana, o prefeito Wladimir Garotinho acompanhou os \u00faltimos detalhes desse projeto que levar\u00e1 aos alunos da rede p\u00fablica municipal diversos atendimentos gratuitos. Dentre os servi\u00e7os dispon\u00edveis est\u00e3o: consultas m\u00e9dicas, vacina\u00e7\u00e3o, consultas de oftalmologia e odontologia.<\/p>\n<p>O projeto consiste em um caminh\u00e3o adaptado e que foi transformado em ambulat\u00f3rio m\u00f3vel. Ele foi especialmente pensado e projetado para atender aos estudantes, inclusive aqueles portadores de necessidades especiais. Pensando nesse p\u00fablico, o caminh\u00e3o conta tamb\u00e9m com acessibilidade, conforme explicou o prefeito Wladimir Garotinho.<\/p>\n<p>\u201cO Caminh\u00e3o Sa\u00fade na Escola vai ter vacina\u00e7\u00e3o, atendimento m\u00e9dico, consulta oftalmol\u00f3gica, dentista, tudo para atender as crian\u00e7as das nossas escolas da Rede Municipal. E o nosso caminh\u00e3o tamb\u00e9m \u00e9 inclusivo: tem acessibilidade para as nossas crian\u00e7as com necessidades educacionais especiais. Todo esse carinho e cuidado com os nossos alunos \u00e9 para garantir um futuro melhor para todos eles, e tamb\u00e9m uma cidade melhor para todos n\u00f3s. O nosso Caminh\u00e3o Sa\u00fade na Escola vai rodar as escolas da Rede Municipal, come\u00e7ando pelo interior, levando aten\u00e7\u00e3o, carinho e cuidado para a nossa crian\u00e7ada\u201d, afirmou o prefeito.<\/p>\n<p>Esse projeto foi apresentado de forma oficial pelo prefeito durante a realiza\u00e7\u00e3o do I Simp\u00f3sio Municipal de Educa\u00e7\u00e3o, promovido pela Secretaria Municipal de Educa\u00e7\u00e3o, Ci\u00eancia e Tecnologia, no Teatro Trianon, em julho deste ano.<\/p>\n<p>A secret\u00e1ria de Educa\u00e7\u00e3o, Ci\u00eancia e Tecnologia, T\u00e2nia Alberto, lembrou que a pasta j\u00e1 oferece o Programa Sa\u00fade na Escola em parceria com a Secretaria de Sa\u00fade. O Programa realiza milhares de atendimentos, entre palestras, vacina\u00e7\u00e3o itinerante, orienta\u00e7\u00f5es sobre bullying, sa\u00fade mental, preven\u00e7\u00e3o ao abuso sexual de crian\u00e7as e adolescentes, entre outras a\u00e7\u00f5es. \u201cAgora, os servi\u00e7os ser\u00e3o ampliados, garantindo, tamb\u00e9m, consultas m\u00e9dicas\u201d, destacou.<\/p>\n<p>O PSE tem como objetivo contribuir para a forma\u00e7\u00e3o integral dos estudantes por meio de a\u00e7\u00f5es de promo\u00e7\u00e3o, preven\u00e7\u00e3o e aten\u00e7\u00e3o \u00e0 sa\u00fade, com vistas ao enfrentamento das vulnerabilidades que comprometem o pleno desenvolvimento de crian\u00e7as e jovens da rede p\u00fablica de ensino.<\/p>\n<p>\u201c\u00c9 a sa\u00fade e a educa\u00e7\u00e3o de Campos cada vez mais unidas, trabalhando para levar atendimento integral aos nossos estudantes e garantir a melhoria do processo de ensino-aprendizagem\u201d,\u00a0disse\u00a0T\u00e2nia.<\/p>\n","protected":false},"excerpt":{"rendered":"<p>O Caminh\u00e3o Sa\u00fade na Escola est\u00e1 em fase final de montagem em Campos. Nesta semana, o prefeito Wladimir Garotinho acompanhou os \u00faltimos detalhes desse projeto que levar\u00e1 aos alunos da rede p\u00fablica municipal diversos atendimentos gratuitos. Dentre os servi\u00e7os dispon\u00edveis est\u00e3o: consultas m\u00e9dicas, vacina\u00e7\u00e3o, consultas de oftalmologia e odontologia. O projeto consiste em um caminh\u00e3o [&hellip;]<\/p>\n","protected":false},"author":2,"featured_media":22470,"comment_status":"open","ping_status":"open","sticky":true,"template":"","format":"standard","meta":{"footnotes":""},"categories":[3],"tags":[1896],"class_list":["post-22469","post","type-post","status-publish","format-standard","has-post-thumbnail","hentry","category-campos","tag-destaque"],"_links":{"self":[{"href":"https:\/\/blogdodanielgalvao.com.br\/site\/wp-json\/wp\/v2\/posts\/22469","targetHints":{"allow":["GET"]}}],"collection":[{"href":"https:\/\/blogdodanielgalvao.com.br\/site\/wp-json\/wp\/v2\/posts"}],"about":[{"href":"https:\/\/blogdodanielgalvao.com.br\/site\/wp-json\/wp\/v2\/types\/post"}],"author":[{"embeddable":true,"href":"https:\/\/blogdodanielgalvao.com.br\/site\/wp-json\/wp\/v2\/users\/2"}],"replies":[{"embeddable":true,"href":"https:\/\/blogdodanielgalvao.com.br\/site\/wp-json\/wp\/v2\/comments?post=22469"}],"version-history":[{"count":1,"href":"https:\/\/blogdodanielgalvao.com.br\/site\/wp-json\/wp\/v2\/posts\/22469\/revisions"}],"predecessor-version":[{"id":22471,"href":"https:\/\/blogdodanielgalvao.com.br\/site\/wp-json\/wp\/v2\/posts\/22469\/revisions\/22471"}],"wp:featuredmedia":[{"embeddable":true,"href":"https:\/\/blogdodanielgalvao.com.br\/site\/wp-json\/wp\/v2\/media\/22470"}],"wp:attachment":[{"href":"https:\/\/blogdodanielgalvao.com.br\/site\/wp-json\/wp\/v2\/media?parent=22469"}],"wp:term":[{"taxonomy":"category","embeddable":true,"href":"https:\/\/blogdodanielgalvao.com.br\/site\/wp-json\/wp\/v2\/categories?post=22469"},{"taxonomy":"post_tag","embeddable":true,"href":"https:\/\/blogdodanielgalvao.com.br\/site\/wp-json\/wp\/v2\/tags?post=22469"}],"curies":[{"name":"wp","href":"https:\/\/api.w.org\/{rel}","templated":true}]}}