{"id":22445,"date":"2025-08-19T11:23:41","date_gmt":"2025-08-19T14:23:41","guid":{"rendered":"https:\/\/blogdodanielgalvao.com.br\/site\/?p=22445"},"modified":"2025-08-19T11:23:41","modified_gmt":"2025-08-19T14:23:41","slug":"prefeitura-de-cabo-frio-entrega-segunda-etapa-da-super-obra-em-hospital-municipal","status":"publish","type":"post","link":"https:\/\/blogdodanielgalvao.com.br\/site\/prefeitura-de-cabo-frio-entrega-segunda-etapa-da-super-obra-em-hospital-municipal\/","title":{"rendered":"Prefeitura de Cabo Frio entrega segunda etapa da super obra em hospital municipal"},"content":{"rendered":"<p>Um ambiente de abandono que marcou a rotina do Hospital Municipal Otime Cardoso dos Santos, no Jardim Esperan\u00e7a, come\u00e7a a ser superado a partir desta quarta-feira (20). A Prefeitura de Cabo Frio inaugura a reforma completa do segundo andar da unidade, interditado em julho pela Defesa Civil ap\u00f3s danos causados pelas chuvas e problemas cr\u00f4nicos como infiltra\u00e7\u00f5es e vazamentos constantes.<\/p>\n<p>A primeira grande mudan\u00e7a foi a substitui\u00e7\u00e3o do telhado. O antigo, feito de amianto, deu lugar a uma laje com dupla impermeabiliza\u00e7\u00e3o, eliminando os riscos de infiltra\u00e7\u00e3o. O sistema el\u00e9trico, que operava sem isolamento adequado e oferecia perigo ao entrar em contato com a \u00e1gua das goteiras, tamb\u00e9m foi totalmente refeito, garantindo seguran\u00e7a a pacientes e profissionais.<\/p>\n<p>No setor de banheiros, o cen\u00e1rio de degrada\u00e7\u00e3o foi revertido. Revestimentos que se soltavam e colocavam em risco a circula\u00e7\u00e3o foram substitu\u00eddos. Al\u00e9m disso, as portas foram trocadas e o piso recebeu resina, evitando o ac\u00famulo de res\u00edduos e microrganismos. Barras de apoio e cadeiras de banho fixas foram instaladas, assegurando acessibilidade e conforto.<\/p>\n<p>Segundo o diretor do hospital, Ant\u00f4nio Vicente, a mudan\u00e7a representa uma virada de p\u00e1gina: \u201cRecebemos em m\u00e9dia 300 pacientes por m\u00eas na emerg\u00eancia e mantemos cerca de 120 internados. A estrutura anterior n\u00e3o tinha dignidade alguma. Agora, temos um espa\u00e7o mais seguro para todos\u201d.<\/p>\n<p>As enfermarias tamb\u00e9m foram modernizadas, recebendo novos mobili\u00e1rios, televisores em cada leito, sistema de campainha para acionar a enfermagem e dois quartos de isolamento, in\u00e9ditos na unidade. Estofados, portas e enxoval hospitalar foram renovados, refor\u00e7ando a humaniza\u00e7\u00e3o do atendimento.<\/p>\n<p>A secret\u00e1ria de Sa\u00fade, Beatriz Trindade, destacou que a reforma faz parte de um processo mais amplo de melhorias na rede: \u201cEssa obra inaugura uma nova realidade na sa\u00fade de Cabo Frio. Em breve, o primeiro andar tamb\u00e9m ser\u00e1 reformado, as unidades b\u00e1sicas j\u00e1 est\u00e3o passando por obras e nossos servidores est\u00e3o em capacita\u00e7\u00e3o\u201d.<\/p>\n<p>O prefeito Dr. Serginho acompanhou todo o processo e garantiu que as mudan\u00e7as v\u00e3o al\u00e9m da est\u00e9tica: \u201cN\u00e3o \u00e9 obra de fachada. \u00c9 uma transforma\u00e7\u00e3o real, que garante qualidade de vida \u00e0 popula\u00e7\u00e3o. As UPAs ser\u00e3o as pr\u00f3ximas a receber interven\u00e7\u00f5es. S\u00f3 vamos descansar quando entregarmos uma sa\u00fade p\u00fablica digna para os cabo-frienses\u201d.<\/p>\n<p>A cerim\u00f4nia de reinaugura\u00e7\u00e3o do segundo andar do Hospital Municipal Otime Cardoso dos Santos acontece nesta quarta-feira\u00a0(20),\u00a0\u00e0s\u00a016h.<\/p>\n<p>&nbsp;<\/p>\n<p><strong>Antes da reforma:<\/strong><\/p>\n<div id='gallery-1' class='gallery galleryid-22445 gallery-columns-6 gallery-size-thumbnail'><figure class='gallery-item'>\n\t\t\t<div class='gallery-icon portrait'>\n\t\t\t\t<a href='https:\/\/blogdodanielgalvao.com.br\/site\/prefeitura-de-cabo-frio-entrega-segunda-etapa-da-super-obra-em-hospital-municipal\/img-20250819-wa0037\/'><img loading=\"lazy\" decoding=\"async\" width=\"150\" height=\"150\" src=\"https:\/\/blogdodanielgalvao.com.br\/site\/wp-content\/uploads\/2025\/08\/IMG-20250819-WA0037-150x150.jpg\" class=\"attachment-thumbnail size-thumbnail\" alt=\"\" \/><\/a>\n\t\t\t<\/div><\/figure><figure class='gallery-item'>\n\t\t\t<div class='gallery-icon portrait'>\n\t\t\t\t<a href='https:\/\/blogdodanielgalvao.com.br\/site\/prefeitura-de-cabo-frio-entrega-segunda-etapa-da-super-obra-em-hospital-municipal\/img-20250819-wa0043\/'><img loading=\"lazy\" decoding=\"async\" width=\"150\" height=\"150\" src=\"https:\/\/blogdodanielgalvao.com.br\/site\/wp-content\/uploads\/2025\/08\/IMG-20250819-WA0043-150x150.jpg\" class=\"attachment-thumbnail size-thumbnail\" alt=\"\" \/><\/a>\n\t\t\t<\/div><\/figure><figure class='gallery-item'>\n\t\t\t<div class='gallery-icon portrait'>\n\t\t\t\t<a href='https:\/\/blogdodanielgalvao.com.br\/site\/prefeitura-de-cabo-frio-entrega-segunda-etapa-da-super-obra-em-hospital-municipal\/img-20250819-wa0041\/'><img loading=\"lazy\" decoding=\"async\" width=\"150\" height=\"150\" src=\"https:\/\/blogdodanielgalvao.com.br\/site\/wp-content\/uploads\/2025\/08\/IMG-20250819-WA0041-150x150.jpg\" class=\"attachment-thumbnail size-thumbnail\" alt=\"\" \/><\/a>\n\t\t\t<\/div><\/figure><figure class='gallery-item'>\n\t\t\t<div class='gallery-icon portrait'>\n\t\t\t\t<a href='https:\/\/blogdodanielgalvao.com.br\/site\/prefeitura-de-cabo-frio-entrega-segunda-etapa-da-super-obra-em-hospital-municipal\/img-20250819-wa0038\/'><img loading=\"lazy\" decoding=\"async\" width=\"150\" height=\"150\" src=\"https:\/\/blogdodanielgalvao.com.br\/site\/wp-content\/uploads\/2025\/08\/IMG-20250819-WA0038-150x150.jpg\" class=\"attachment-thumbnail size-thumbnail\" alt=\"\" \/><\/a>\n\t\t\t<\/div><\/figure><figure class='gallery-item'>\n\t\t\t<div class='gallery-icon portrait'>\n\t\t\t\t<a href='https:\/\/blogdodanielgalvao.com.br\/site\/prefeitura-de-cabo-frio-entrega-segunda-etapa-da-super-obra-em-hospital-municipal\/img-20250818-wa0105\/'><img loading=\"lazy\" decoding=\"async\" width=\"150\" height=\"150\" src=\"https:\/\/blogdodanielgalvao.com.br\/site\/wp-content\/uploads\/2025\/08\/IMG-20250818-WA0105-150x150.jpg\" class=\"attachment-thumbnail size-thumbnail\" alt=\"\" \/><\/a>\n\t\t\t<\/div><\/figure><figure class='gallery-item'>\n\t\t\t<div class='gallery-icon portrait'>\n\t\t\t\t<a href='https:\/\/blogdodanielgalvao.com.br\/site\/prefeitura-de-cabo-frio-entrega-segunda-etapa-da-super-obra-em-hospital-municipal\/img-20250819-wa0040\/'><img loading=\"lazy\" decoding=\"async\" width=\"150\" height=\"150\" src=\"https:\/\/blogdodanielgalvao.com.br\/site\/wp-content\/uploads\/2025\/08\/IMG-20250819-WA0040-150x150.jpg\" class=\"attachment-thumbnail size-thumbnail\" alt=\"\" \/><\/a>\n\t\t\t<\/div><\/figure>\n\t\t<\/div>\n\n<p>&nbsp;<\/p>\n<p><strong>Depois da reforma:<\/strong><\/p>\n<div id='gallery-2' class='gallery galleryid-22445 gallery-columns-6 gallery-size-thumbnail'><figure class='gallery-item'>\n\t\t\t<div class='gallery-icon landscape'>\n\t\t\t\t<a href='https:\/\/blogdodanielgalvao.com.br\/site\/prefeitura-de-cabo-frio-entrega-segunda-etapa-da-super-obra-em-hospital-municipal\/img-20250819-wa0045\/'><img loading=\"lazy\" decoding=\"async\" width=\"150\" height=\"150\" src=\"https:\/\/blogdodanielgalvao.com.br\/site\/wp-content\/uploads\/2025\/08\/IMG-20250819-WA0045-150x150.jpg\" class=\"attachment-thumbnail size-thumbnail\" alt=\"\" \/><\/a>\n\t\t\t<\/div><\/figure><figure class='gallery-item'>\n\t\t\t<div class='gallery-icon landscape'>\n\t\t\t\t<a href='https:\/\/blogdodanielgalvao.com.br\/site\/prefeitura-de-cabo-frio-entrega-segunda-etapa-da-super-obra-em-hospital-municipal\/img-20250819-wa0051\/'><img loading=\"lazy\" decoding=\"async\" width=\"150\" height=\"150\" src=\"https:\/\/blogdodanielgalvao.com.br\/site\/wp-content\/uploads\/2025\/08\/IMG-20250819-WA0051-150x150.jpg\" class=\"attachment-thumbnail size-thumbnail\" alt=\"\" \/><\/a>\n\t\t\t<\/div><\/figure><figure class='gallery-item'>\n\t\t\t<div class='gallery-icon landscape'>\n\t\t\t\t<a href='https:\/\/blogdodanielgalvao.com.br\/site\/prefeitura-de-cabo-frio-entrega-segunda-etapa-da-super-obra-em-hospital-municipal\/img-20250819-wa0052\/'><img loading=\"lazy\" decoding=\"async\" width=\"150\" height=\"150\" src=\"https:\/\/blogdodanielgalvao.com.br\/site\/wp-content\/uploads\/2025\/08\/IMG-20250819-WA0052-150x150.jpg\" class=\"attachment-thumbnail size-thumbnail\" alt=\"\" \/><\/a>\n\t\t\t<\/div><\/figure><figure class='gallery-item'>\n\t\t\t<div class='gallery-icon landscape'>\n\t\t\t\t<a href='https:\/\/blogdodanielgalvao.com.br\/site\/prefeitura-de-cabo-frio-entrega-segunda-etapa-da-super-obra-em-hospital-municipal\/img-20250819-wa0054\/'><img loading=\"lazy\" decoding=\"async\" width=\"150\" height=\"150\" src=\"https:\/\/blogdodanielgalvao.com.br\/site\/wp-content\/uploads\/2025\/08\/IMG-20250819-WA0054-150x150.jpg\" class=\"attachment-thumbnail size-thumbnail\" alt=\"\" \/><\/a>\n\t\t\t<\/div><\/figure><figure class='gallery-item'>\n\t\t\t<div class='gallery-icon landscape'>\n\t\t\t\t<a href='https:\/\/blogdodanielgalvao.com.br\/site\/prefeitura-de-cabo-frio-entrega-segunda-etapa-da-super-obra-em-hospital-municipal\/img-20250819-wa0055\/'><img loading=\"lazy\" decoding=\"async\" width=\"150\" height=\"150\" src=\"https:\/\/blogdodanielgalvao.com.br\/site\/wp-content\/uploads\/2025\/08\/IMG-20250819-WA0055-150x150.jpg\" class=\"attachment-thumbnail size-thumbnail\" alt=\"\" \/><\/a>\n\t\t\t<\/div><\/figure><figure class='gallery-item'>\n\t\t\t<div class='gallery-icon landscape'>\n\t\t\t\t<a href='https:\/\/blogdodanielgalvao.com.br\/site\/prefeitura-de-cabo-frio-entrega-segunda-etapa-da-super-obra-em-hospital-municipal\/img-20250819-wa0058\/'><img loading=\"lazy\" decoding=\"async\" width=\"150\" height=\"150\" src=\"https:\/\/blogdodanielgalvao.com.br\/site\/wp-content\/uploads\/2025\/08\/IMG-20250819-WA0058-150x150.jpg\" class=\"attachment-thumbnail size-thumbnail\" alt=\"\" \/><\/a>\n\t\t\t<\/div><\/figure>\n\t\t<\/div>\n\n<p>&nbsp;<\/p>\n<p>Fotos depois da reforma: Mari Ricci\/SECOM<\/p>\n<p>&nbsp;<\/p>\n<p>&nbsp;<\/p>\n","protected":false},"excerpt":{"rendered":"<p>Um ambiente de abandono que marcou a rotina do Hospital Municipal Otime Cardoso dos Santos, no Jardim Esperan\u00e7a, come\u00e7a a ser superado a partir desta quarta-feira (20). A Prefeitura de Cabo Frio inaugura a reforma completa do segundo andar da unidade, interditado em julho pela Defesa Civil ap\u00f3s danos causados pelas chuvas e problemas cr\u00f4nicos [&hellip;]<\/p>\n","protected":false},"author":2,"featured_media":22446,"comment_status":"open","ping_status":"open","sticky":true,"template":"","format":"standard","meta":{"footnotes":""},"categories":[340],"tags":[1896],"class_list":["post-22445","post","type-post","status-publish","format-standard","has-post-thumbnail","hentry","category-cabo-frio","tag-destaque"],"_links":{"self":[{"href":"https:\/\/blogdodanielgalvao.com.br\/site\/wp-json\/wp\/v2\/posts\/22445","targetHints":{"allow":["GET"]}}],"collection":[{"href":"https:\/\/blogdodanielgalvao.com.br\/site\/wp-json\/wp\/v2\/posts"}],"about":[{"href":"https:\/\/blogdodanielgalvao.com.br\/site\/wp-json\/wp\/v2\/types\/post"}],"author":[{"embeddable":true,"href":"https:\/\/blogdodanielgalvao.com.br\/site\/wp-json\/wp\/v2\/users\/2"}],"replies":[{"embeddable":true,"href":"https:\/\/blogdodanielgalvao.com.br\/site\/wp-json\/wp\/v2\/comments?post=22445"}],"version-history":[{"count":5,"href":"https:\/\/blogdodanielgalvao.com.br\/site\/wp-json\/wp\/v2\/posts\/22445\/revisions"}],"predecessor-version":[{"id":22463,"href":"https:\/\/blogdodanielgalvao.com.br\/site\/wp-json\/wp\/v2\/posts\/22445\/revisions\/22463"}],"wp:featuredmedia":[{"embeddable":true,"href":"https:\/\/blogdodanielgalvao.com.br\/site\/wp-json\/wp\/v2\/media\/22446"}],"wp:attachment":[{"href":"https:\/\/blogdodanielgalvao.com.br\/site\/wp-json\/wp\/v2\/media?parent=22445"}],"wp:term":[{"taxonomy":"category","embeddable":true,"href":"https:\/\/blogdodanielgalvao.com.br\/site\/wp-json\/wp\/v2\/categories?post=22445"},{"taxonomy":"post_tag","embeddable":true,"href":"https:\/\/blogdodanielgalvao.com.br\/site\/wp-json\/wp\/v2\/tags?post=22445"}],"curies":[{"name":"wp","href":"https:\/\/api.w.org\/{rel}","templated":true}]}}