{"id":22311,"date":"2025-08-15T11:32:40","date_gmt":"2025-08-15T14:32:40","guid":{"rendered":"https:\/\/blogdodanielgalvao.com.br\/site\/?p=22311"},"modified":"2025-08-15T11:32:40","modified_gmt":"2025-08-15T14:32:40","slug":"oportunidade-a-vista-conecta-futuro-sera-realizado-em-macae-com-foco-em-empregabilidade","status":"publish","type":"post","link":"https:\/\/blogdodanielgalvao.com.br\/site\/oportunidade-a-vista-conecta-futuro-sera-realizado-em-macae-com-foco-em-empregabilidade\/","title":{"rendered":"Oportunidade \u00e0 vista: Conecta Futuro ser\u00e1 realizado em Maca\u00e9 com foco em empregabilidade"},"content":{"rendered":"<p>Em um mercado cada vez mais concorrido, se destacar frente aos demais pode ser o grande diferencial na hora de conquistar a t\u00e3o sonhada vaga de trabalho. E \u00e9 exatamente com esse prop\u00f3sito que ser\u00e1 realizado na pr\u00f3xima semana, mais precisamente na quinta-feira (21) o Conecta Futuro \u2013 Evento de Empregabilidade. Confira abaixo os detalhes.<\/p>\n<p>O evento ser\u00e1 realizado das 9h \u00e0s 17h na Firjan SENAI SESI Maca\u00e9. Ele faz parte de uma iniciativa do Programa Autonomia e Renda Petrobras e \u00e9 voltado para aqueles que buscam se destacar no mercado de trabalho e ampliar suas oportunidades profissionais.<\/p>\n<p>Dentro da programa\u00e7\u00e3o ser\u00e3o realizadas palestras, divulga\u00e7\u00e3o de oportunidades de vagas, \u00e1reas com din\u00e2micas voltadas para o desenvolvimento de carreiras, oficinas pr\u00e1ticas, workshops, p\u00edlulas de conhecimento e atividades de networking estrat\u00e9gico. Existir\u00e1 tamb\u00e9m um espa\u00e7o para a troca de experi\u00eancias e networking.<\/p>\n<p>De acordo com os organizadores, a proposta do Conecta Futuro \u00e9 oferecer um dia inteiro de conte\u00fado voltado ao desenvolvimento profissional, conectando alunos do Programa Autonomia e Renda Petrobras a empresas e especialistas do setor produtivo.<\/p>\n<p>De acordo com o gerente da Firjan SENAI, Leonardo Leal, o Conecta Futuro refor\u00e7a o compromisso da federa\u00e7\u00e3o e do Programa Autonomia e Renda com a forma\u00e7\u00e3o profissional de excel\u00eancia e a gera\u00e7\u00e3o de oportunidades reais para quem deseja ingressar no mercado. \u201c\u00c9 um momento de conex\u00e3o. Este evento foi pensado justamente para ser um espa\u00e7o din\u00e2mico onde o networking estrat\u00e9gico pode ampliar horizontes para nossos alunos e a comunidade em geral\u201d, destaca.<\/p>\n<p>O gerente-geral da Bacia de Campos, Alex Murtera, destaca a import\u00e2ncia da a\u00e7\u00e3o. \u201cAcreditamos que a qualifica\u00e7\u00e3o profissional \u00e9 um dos caminhos mais s\u00f3lidos para gerar oportunidades e transformar realidades. O Conecta Futuro \u00e9 um exemplo concreto de como, em parceria com a Firjan SENAI SESI, conseguimos aproximar talentos do mercado de trabalho e criar conex\u00f5es que impulsionam carreiras e fortalecem setores produtivos. O Programa Autonomia e Renda Petrobras nasceu justamente para ampliar esse alcance, oferecendo forma\u00e7\u00e3o de qualidade e contribuindo para que milhares de pessoas, em diferentes regi\u00f5es do Brasil, conquistem mais autonomia e perspectivas de futuro\u201d, afirma Murtera.<\/p>\n<p>A inscri\u00e7\u00e3o \u00e9 gratuita e pode ser feita pelo site www.autonomiaerenda.com.br\/eventos. As vagas s\u00e3o limitadas.<\/p>\n<p>Sobre o Autonomia e Renda<br \/>\nO programa Autonomia e Renda Petrobras \u00e9 uma parceria entre Petrobras, Firjan SENAI SESI, Institutos Federais de Educa\u00e7\u00e3o, Ci\u00eancia e Tecnologia (IFs) e a Funda\u00e7\u00e3o de Apoio ao IFSul (FaifSul), que oferece vagas em cursos profissionalizantes em n\u00edvel t\u00e9cnico e de qualifica\u00e7\u00e3o, distribu\u00eddos entre 39 munic\u00edpios de sete estados brasileiros. Lan\u00e7ado em junho de 2024, o Autonomia e Renda ter\u00e1 dura\u00e7\u00e3o de quatro anos com oferta de aproximadamente 20 mil vagas.<\/p>\n","protected":false},"excerpt":{"rendered":"<p>Em um mercado cada vez mais concorrido, se destacar frente aos demais pode ser o grande diferencial na hora de conquistar a t\u00e3o sonhada vaga de trabalho. E \u00e9 exatamente com esse prop\u00f3sito que ser\u00e1 realizado na pr\u00f3xima semana, mais precisamente na quinta-feira (21) o Conecta Futuro \u2013 Evento de Empregabilidade. Confira abaixo os detalhes. [&hellip;]<\/p>\n","protected":false},"author":2,"featured_media":22313,"comment_status":"open","ping_status":"open","sticky":true,"template":"","format":"standard","meta":{"footnotes":""},"categories":[2],"tags":[],"class_list":["post-22311","post","type-post","status-publish","format-standard","has-post-thumbnail","hentry","category-macae"],"_links":{"self":[{"href":"https:\/\/blogdodanielgalvao.com.br\/site\/wp-json\/wp\/v2\/posts\/22311","targetHints":{"allow":["GET"]}}],"collection":[{"href":"https:\/\/blogdodanielgalvao.com.br\/site\/wp-json\/wp\/v2\/posts"}],"about":[{"href":"https:\/\/blogdodanielgalvao.com.br\/site\/wp-json\/wp\/v2\/types\/post"}],"author":[{"embeddable":true,"href":"https:\/\/blogdodanielgalvao.com.br\/site\/wp-json\/wp\/v2\/users\/2"}],"replies":[{"embeddable":true,"href":"https:\/\/blogdodanielgalvao.com.br\/site\/wp-json\/wp\/v2\/comments?post=22311"}],"version-history":[{"count":1,"href":"https:\/\/blogdodanielgalvao.com.br\/site\/wp-json\/wp\/v2\/posts\/22311\/revisions"}],"predecessor-version":[{"id":22314,"href":"https:\/\/blogdodanielgalvao.com.br\/site\/wp-json\/wp\/v2\/posts\/22311\/revisions\/22314"}],"wp:featuredmedia":[{"embeddable":true,"href":"https:\/\/blogdodanielgalvao.com.br\/site\/wp-json\/wp\/v2\/media\/22313"}],"wp:attachment":[{"href":"https:\/\/blogdodanielgalvao.com.br\/site\/wp-json\/wp\/v2\/media?parent=22311"}],"wp:term":[{"taxonomy":"category","embeddable":true,"href":"https:\/\/blogdodanielgalvao.com.br\/site\/wp-json\/wp\/v2\/categories?post=22311"},{"taxonomy":"post_tag","embeddable":true,"href":"https:\/\/blogdodanielgalvao.com.br\/site\/wp-json\/wp\/v2\/tags?post=22311"}],"curies":[{"name":"wp","href":"https:\/\/api.w.org\/{rel}","templated":true}]}}