{"id":22306,"date":"2025-08-15T11:10:07","date_gmt":"2025-08-15T14:10:07","guid":{"rendered":"https:\/\/blogdodanielgalvao.com.br\/site\/?p=22306"},"modified":"2025-08-15T11:10:07","modified_gmt":"2025-08-15T14:10:07","slug":"com-empregos-em-alta-macae-foca-na-qualificacao-profissional","status":"publish","type":"post","link":"https:\/\/blogdodanielgalvao.com.br\/site\/com-empregos-em-alta-macae-foca-na-qualificacao-profissional\/","title":{"rendered":"Com empregos em alta, Maca\u00e9 foca na qualifica\u00e7\u00e3o profissional"},"content":{"rendered":"<p>Maca\u00e9 tem sido uma grande refer\u00eancia na regi\u00e3o quando o assunto \u00e9 a gera\u00e7\u00e3o de empregos. A prova disso \u00e9 que o munic\u00edpio lidera j\u00e1 h\u00e1 alguns meses o ranking regional. E com a alta demanda, surge tamb\u00e9m a necessidade de qualificar a m\u00e3o de obra local. Com o objetivo de preencher essa lacuna, o poder p\u00fablico tem criado programas de qualifica\u00e7\u00e3o. E um deles \u00e9 o Jornada Maca\u00e9 na Rota do Emprego.<\/p>\n<p>O programa teve in\u00edcio agora em agosto e segue at\u00e9 dezembro. A programa\u00e7\u00e3o conta com diferentes capacita\u00e7\u00f5es para qualificar profissionais. Um dos principais objetivos \u00e9 ampliar as chances do p\u00fablico local ser absorvido pelo mercado de trabalho. Outra boa not\u00edcia \u00e9 que a participa\u00e7\u00e3o no Jornada Maca\u00e9 na Rota do Emprego \u00e9 gratuita, sendo necess\u00e1ria apenas a realiza\u00e7\u00e3o de inscri\u00e7\u00e3o.<\/p>\n<p>Dentro do programa, os participantes poder\u00e3o desfrutar de forma\u00e7\u00f5es tanto presenciais quanto online. As orienta\u00e7\u00f5es v\u00e3o de t\u00e9cnicas para entrevistas de emprego, para imagem profissional, marca pessoal e tamb\u00e9m autoconhecimento por meio do perfil comportamental DISC (Domin\u00e2ncia, Influ\u00eancia, Estabilidade e Conformidade e elabora\u00e7\u00e3o de plano de carreira).<\/p>\n<p>A iniciativa vai al\u00e9m de fornecer conhecimentos t\u00e9cnicas, buscando tamb\u00e9m desenvolver compet\u00eancias comportamentais.<\/p>\n<p>\u201cA programa\u00e7\u00e3o \u00e9 composta por m\u00f3dulos independentes, ministrados por profissionais especializados que trar\u00e3o informa\u00e7\u00f5es para ampliar os crit\u00e9rios de competitividade dos participantes, tornando-os mais aptos \u00e0 conquista da vaga de trabalho\u201d, afirmou.<\/p>\n<p>As inscri\u00e7\u00f5es ficam abertas at\u00e9 o preenchimento das vagas. O processo deve ser feito pelo link: https:\/\/sistemas.macae.rj.gov.br:84\/semtrecursos.<br \/>\nConfira a programa\u00e7\u00e3o completa:<\/p>\n<p>Agosto<br \/>\nEntrevista de Emprego sem Medo (26 e 28)<\/p>\n<p>Setembro<br \/>\nImagem Profissional e Marca Pessoal (9 e 11)<br \/>\nO C\u00f3digo do Comportamento \u2013 Descubra Seu Perfil DISC e Conquiste Sua Vaga Ideal (30)<\/p>\n<p>Outubro<br \/>\nO C\u00f3digo do Comportamento \u2013 Descubra Seu Perfil DISC e Conquiste sua Vaga Ideal (2)<br \/>\nPlano de Carreira em Tempos de Recoloca\u00e7\u00e3o (21 e 23)<\/p>\n<p>Novembro<br \/>\nComunica\u00e7\u00e3o Assertiva para o Mercado de Trabalho (11 e 13)<br \/>\nIntelig\u00eancia Emocional na Recoloca\u00e7\u00e3o (25 e 27)<\/p>\n<p>Dezembro<br \/>\nComo se Preparar para Processos Seletivos Online (2 e 4).<\/p>\n","protected":false},"excerpt":{"rendered":"<p>Maca\u00e9 tem sido uma grande refer\u00eancia na regi\u00e3o quando o assunto \u00e9 a gera\u00e7\u00e3o de empregos. A prova disso \u00e9 que o munic\u00edpio lidera j\u00e1 h\u00e1 alguns meses o ranking regional. E com a alta demanda, surge tamb\u00e9m a necessidade de qualificar a m\u00e3o de obra local. Com o objetivo de preencher essa lacuna, o [&hellip;]<\/p>\n","protected":false},"author":2,"featured_media":22307,"comment_status":"open","ping_status":"open","sticky":true,"template":"","format":"standard","meta":{"footnotes":""},"categories":[2],"tags":[],"class_list":["post-22306","post","type-post","status-publish","format-standard","has-post-thumbnail","hentry","category-macae"],"_links":{"self":[{"href":"https:\/\/blogdodanielgalvao.com.br\/site\/wp-json\/wp\/v2\/posts\/22306","targetHints":{"allow":["GET"]}}],"collection":[{"href":"https:\/\/blogdodanielgalvao.com.br\/site\/wp-json\/wp\/v2\/posts"}],"about":[{"href":"https:\/\/blogdodanielgalvao.com.br\/site\/wp-json\/wp\/v2\/types\/post"}],"author":[{"embeddable":true,"href":"https:\/\/blogdodanielgalvao.com.br\/site\/wp-json\/wp\/v2\/users\/2"}],"replies":[{"embeddable":true,"href":"https:\/\/blogdodanielgalvao.com.br\/site\/wp-json\/wp\/v2\/comments?post=22306"}],"version-history":[{"count":1,"href":"https:\/\/blogdodanielgalvao.com.br\/site\/wp-json\/wp\/v2\/posts\/22306\/revisions"}],"predecessor-version":[{"id":22308,"href":"https:\/\/blogdodanielgalvao.com.br\/site\/wp-json\/wp\/v2\/posts\/22306\/revisions\/22308"}],"wp:featuredmedia":[{"embeddable":true,"href":"https:\/\/blogdodanielgalvao.com.br\/site\/wp-json\/wp\/v2\/media\/22307"}],"wp:attachment":[{"href":"https:\/\/blogdodanielgalvao.com.br\/site\/wp-json\/wp\/v2\/media?parent=22306"}],"wp:term":[{"taxonomy":"category","embeddable":true,"href":"https:\/\/blogdodanielgalvao.com.br\/site\/wp-json\/wp\/v2\/categories?post=22306"},{"taxonomy":"post_tag","embeddable":true,"href":"https:\/\/blogdodanielgalvao.com.br\/site\/wp-json\/wp\/v2\/tags?post=22306"}],"curies":[{"name":"wp","href":"https:\/\/api.w.org\/{rel}","templated":true}]}}