{"id":22298,"date":"2025-08-14T18:54:45","date_gmt":"2025-08-14T21:54:45","guid":{"rendered":"https:\/\/blogdodanielgalvao.com.br\/site\/?p=22298"},"modified":"2025-08-14T18:54:45","modified_gmt":"2025-08-14T21:54:45","slug":"conferencia-municipal-de-cultura-agita-fim-de-semana-em-rio-das-ostras","status":"publish","type":"post","link":"https:\/\/blogdodanielgalvao.com.br\/site\/conferencia-municipal-de-cultura-agita-fim-de-semana-em-rio-das-ostras\/","title":{"rendered":"Confer\u00eancia Municipal de Cultura agita fim de semana em Rio das Ostras"},"content":{"rendered":"<p>A Prefeitura de Rio das Ostras promove, a partir dessa sexta-feira, 15, a sua 6\u00aa Confer\u00eancia Municipal de Cultura que acontece at\u00e9 domingo, 17, no Teatro Municipal Joel Barcellos, reunindo artistas, produtores, gestores p\u00fablicos e representantes da sociedade civil.<\/p>\n<p>Contando com 4 mesas de debates com os temas, \u201cSistema de Cultura \u2013 A import\u00e2ncia da participa\u00e7\u00e3o popular na elabora\u00e7\u00e3o do Plano Municipal de Cultura e Plano Setorial\u201d; \u201cAcessibilidade e Cultura\u201d; \u201cCultura Viva\u201d; e \u201cPapel do Conselheiro\u201d, o evento ter\u00e1 ainda a elei\u00e7\u00e3o para os novos conselheiros da sociedade civil para o mandato do bi\u00eanio 2025-2027.<\/p>\n<p>A programa\u00e7\u00e3o inclui apresenta\u00e7\u00f5es de m\u00fasica, dan\u00e7a, teatro e outras manifesta\u00e7\u00f5es art\u00edsticas, com participa\u00e7\u00e3o de grupos locais e convidados, com as medas de debates mediadas por especialistas do munic\u00edpio.<\/p>\n<p>Com a presen\u00e7a de representantes de diferentes \u00e1reas culturais da cidade, a proposta \u00e9 que as mesas abordem desde a import\u00e2ncia do engajamento popular na formula\u00e7\u00e3o de pol\u00edticas p\u00fablicas at\u00e9 a\u00e7\u00f5es para ampliar o acesso e a diversidade na cultural.<\/p>\n<p>De acordo com a presidente da Funda\u00e7\u00e3o Rio das Ostras de Cultura (FROC), Rosemarie Teixeira, a confer\u00eancia ser\u00e1 um espa\u00e7o fundamental para a constru\u00e7\u00e3o coletiva das diretrizes culturais do munic\u00edpio pelos pr\u00f3ximos anos.<\/p>\n<p>\u201cEsse \u00e9 o momento em que a comunidade cultural pode se unir, debater propostas e decidir os rumos das pol\u00edticas p\u00fablicas que v\u00e3o impactar diretamente o nosso fazer art\u00edstico nos pr\u00f3ximos anos\u201d, lembrou Rosemarie Teixeira.<\/p>\n<p>Entre as atra\u00e7\u00f5es confirmadas nos 3 dias de confer\u00eancia est\u00e3o alunos da Onda, Coral Som do Leripe, Cida Garcia, Preto Poeta, Coletivo Figura e Arte-Maculel\u00ea, grupo Viva Crew em parceria com o movimento Rep\u00fablica Urbana Alternativa (R.U.A.), e a banda Orange Sound.<\/p>\n<p>Tamb\u00e9m estar\u00e3o na programa\u00e7\u00e3o art\u00edstica apresenta\u00e7\u00f5es dos espet\u00e1culos teatrais \u201cToda vez que quase fui\u201d e \u201cCegos por escolha\u201d, a coreografia de dan\u00e7a, \u201cOs Dois Amores\u201d, e uma homenagem ao m\u00fasico Marcos Jabur, com Jac Esteves, Andreia Luquetti e Rafael Petarli Brand\u00e3o.<\/p>\n<p>J\u00e1 entre as autoridades presentes nas mesas de debates, estar\u00e3o Renata Cabral, Cleise Campos, Carlos Henrique Pimentel, Marcelo Cruz, Christian Lima, Dara Fernandes, Luiz Kamau, Claudia Faiet, Guilhermina Rocha, Mestre Mist\u00e9rio, Liana \u00c9bano, Nathalia Furtado, Jo\u00e3o Eliel Lima, Jos\u00e9 Facury, Vania Carvalho, Marcelo Atahualpa, Marina Petersen, Tania Nascimento e Marisa Dias.<\/p>\n<p>O Teatro Municipal Joel Barcellos fica na Avenida Amazonas, s\/n, na Extens\u00e3o Novo Rio das Ostras, e a programa\u00e7\u00e3o completa pode ser conferida atrav\u00e9s dos sites e redes sociais da prefeitura e da FROC.<\/p>\n","protected":false},"excerpt":{"rendered":"<p>A Prefeitura de Rio das Ostras promove, a partir dessa sexta-feira, 15, a sua 6\u00aa Confer\u00eancia Municipal de Cultura que acontece at\u00e9 domingo, 17, no Teatro Municipal Joel Barcellos, reunindo artistas, produtores, gestores p\u00fablicos e representantes da sociedade civil. Contando com 4 mesas de debates com os temas, \u201cSistema de Cultura \u2013 A import\u00e2ncia da [&hellip;]<\/p>\n","protected":false},"author":2,"featured_media":22299,"comment_status":"open","ping_status":"open","sticky":true,"template":"","format":"standard","meta":{"footnotes":""},"categories":[2331],"tags":[],"class_list":["post-22298","post","type-post","status-publish","format-standard","has-post-thumbnail","hentry","category-cultura"],"_links":{"self":[{"href":"https:\/\/blogdodanielgalvao.com.br\/site\/wp-json\/wp\/v2\/posts\/22298","targetHints":{"allow":["GET"]}}],"collection":[{"href":"https:\/\/blogdodanielgalvao.com.br\/site\/wp-json\/wp\/v2\/posts"}],"about":[{"href":"https:\/\/blogdodanielgalvao.com.br\/site\/wp-json\/wp\/v2\/types\/post"}],"author":[{"embeddable":true,"href":"https:\/\/blogdodanielgalvao.com.br\/site\/wp-json\/wp\/v2\/users\/2"}],"replies":[{"embeddable":true,"href":"https:\/\/blogdodanielgalvao.com.br\/site\/wp-json\/wp\/v2\/comments?post=22298"}],"version-history":[{"count":1,"href":"https:\/\/blogdodanielgalvao.com.br\/site\/wp-json\/wp\/v2\/posts\/22298\/revisions"}],"predecessor-version":[{"id":22300,"href":"https:\/\/blogdodanielgalvao.com.br\/site\/wp-json\/wp\/v2\/posts\/22298\/revisions\/22300"}],"wp:featuredmedia":[{"embeddable":true,"href":"https:\/\/blogdodanielgalvao.com.br\/site\/wp-json\/wp\/v2\/media\/22299"}],"wp:attachment":[{"href":"https:\/\/blogdodanielgalvao.com.br\/site\/wp-json\/wp\/v2\/media?parent=22298"}],"wp:term":[{"taxonomy":"category","embeddable":true,"href":"https:\/\/blogdodanielgalvao.com.br\/site\/wp-json\/wp\/v2\/categories?post=22298"},{"taxonomy":"post_tag","embeddable":true,"href":"https:\/\/blogdodanielgalvao.com.br\/site\/wp-json\/wp\/v2\/tags?post=22298"}],"curies":[{"name":"wp","href":"https:\/\/api.w.org\/{rel}","templated":true}]}}