{"id":22294,"date":"2025-08-14T18:43:45","date_gmt":"2025-08-14T21:43:45","guid":{"rendered":"https:\/\/blogdodanielgalvao.com.br\/site\/?p=22294"},"modified":"2025-08-14T18:43:45","modified_gmt":"2025-08-14T21:43:45","slug":"gestao-municipal-de-quissama-realiza-mais-de-300-atendimentos-em-acao-social-no-agosto-lilas","status":"publish","type":"post","link":"https:\/\/blogdodanielgalvao.com.br\/site\/gestao-municipal-de-quissama-realiza-mais-de-300-atendimentos-em-acao-social-no-agosto-lilas\/","title":{"rendered":"Gest\u00e3o municipal de Quissam\u00e3 realiza mais de 300 atendimentos em a\u00e7\u00e3o social no Agosto Lil\u00e1s"},"content":{"rendered":"<p>A Prefeitura de Quissam\u00e3 promoveu, nesta quarta-feira (13), uma ampla a\u00e7\u00e3o social no bairro Santa Catarina, integrando a programa\u00e7\u00e3o do Agosto Lil\u00e1s \u2013 campanha de enfrentamento \u00e0 viol\u00eancia contra a mulher. A iniciativa, desenvolvida em parceria com o Governo do Estado e a Defensoria P\u00fablica, ofereceu uma s\u00e9rie de servi\u00e7os gratuitos \u00e0 popula\u00e7\u00e3o, totalizando cerca de 300 atendimentos.<\/p>\n<p>Coordenado pela Secretaria Municipal de Direitos Humanos e Cidadania (SEMDHC), por meio da Coordenadoria de Pol\u00edticas para as Mulheres, o evento teve como foco principal o combate \u00e0 viol\u00eancia dom\u00e9stica e a promo\u00e7\u00e3o da cidadania.<\/p>\n<p>A mobiliza\u00e7\u00e3o contou com a presen\u00e7a do prefeito Marcelo Batista; do secret\u00e1rio de Direitos Humanos e Cidadania, Lucas Pacheco; da secret\u00e1ria de Assist\u00eancia Social e primeira-dama, Valqu\u00edria Barcelos; da subsecret\u00e1ria de Assist\u00eancia Social, Rosane Barros; da subsecret\u00e1ria de Direitos Humanos e Cidadania, Elizabeth Sanz; e da coordenadora de Pol\u00edticas para as Mulheres, Gabriela Vasconcelos.<\/p>\n<p>A a\u00e7\u00e3o refor\u00e7a o compromisso da gest\u00e3o municipal com a prote\u00e7\u00e3o dos direitos das mulheres e o acesso da popula\u00e7\u00e3o a servi\u00e7os essenciais de forma descentralizada. Diversos servi\u00e7os foram oferecidos aos presentes, desde atendimento psicol\u00f3gico, jur\u00eddico e social no \u00d4nibus Lil\u00e1s, voltados para mulheres em situa\u00e7\u00e3o de viol\u00eancia.<\/p>\n<p>Outro fato importante \u00e9 que a van da Defensoria P\u00fablica do Estado do Rio de Janeiro tamb\u00e9m esteve presente, fornecendo orienta\u00e7\u00f5es jur\u00eddicas. Al\u00e9m disso, o Detran-RJ facilitou o agendamento para emiss\u00e3o da nova carteira de identidade, enquanto a Secretaria Municipal de Sa\u00fade (SEMSA) realizou testes r\u00e1pidos de HIV, s\u00edfilis e hepatites virais, al\u00e9m da aferi\u00e7\u00e3o de press\u00e3o arterial. A Secretaria de Seguran\u00e7a P\u00fablica montou um estande com a Patrulha Maria da Penha, e a Funda\u00e7\u00e3o Le\u00e3o XIII tamb\u00e9m participou da a\u00e7\u00e3o.<\/p>\n<p>O prefeito Marcelo Batista ressaltou a import\u00e2ncia da iniciativa. \u201cEsta \u00e9 uma a\u00e7\u00e3o de cidadania e de presen\u00e7a do poder p\u00fablico nos bairros, levando servi\u00e7os que s\u00e3o direito da popula\u00e7\u00e3o. \u00c9 um trabalho fundamental para dar apoio e voz \u00e0s mulheres que enfrentam a viol\u00eancia e para garantir que todos tenham acesso a seus direitos\u201d, afirmou.<\/p>\n<p>A programa\u00e7\u00e3o do Agosto Lil\u00e1s continua em Quissam\u00e3. No dia 21, o munic\u00edpio sediar\u00e1 o Semin\u00e1rio das Mulheres Quissamaenses, no audit\u00f3rio do IFF. J\u00e1 no dia 27, ser\u00e1 a vez do projeto Mulheres Conectadas\/Empreendedorismo, que oferecer\u00e1 oficinas para ampliar a autonomia feminina e valorizar a cultura local.<\/p>\n","protected":false},"excerpt":{"rendered":"<p>A Prefeitura de Quissam\u00e3 promoveu, nesta quarta-feira (13), uma ampla a\u00e7\u00e3o social no bairro Santa Catarina, integrando a programa\u00e7\u00e3o do Agosto Lil\u00e1s \u2013 campanha de enfrentamento \u00e0 viol\u00eancia contra a mulher. A iniciativa, desenvolvida em parceria com o Governo do Estado e a Defensoria P\u00fablica, ofereceu uma s\u00e9rie de servi\u00e7os gratuitos \u00e0 popula\u00e7\u00e3o, totalizando cerca [&hellip;]<\/p>\n","protected":false},"author":2,"featured_media":22295,"comment_status":"open","ping_status":"open","sticky":true,"template":"","format":"standard","meta":{"footnotes":""},"categories":[5],"tags":[],"class_list":["post-22294","post","type-post","status-publish","format-standard","has-post-thumbnail","hentry","category-quissama"],"_links":{"self":[{"href":"https:\/\/blogdodanielgalvao.com.br\/site\/wp-json\/wp\/v2\/posts\/22294","targetHints":{"allow":["GET"]}}],"collection":[{"href":"https:\/\/blogdodanielgalvao.com.br\/site\/wp-json\/wp\/v2\/posts"}],"about":[{"href":"https:\/\/blogdodanielgalvao.com.br\/site\/wp-json\/wp\/v2\/types\/post"}],"author":[{"embeddable":true,"href":"https:\/\/blogdodanielgalvao.com.br\/site\/wp-json\/wp\/v2\/users\/2"}],"replies":[{"embeddable":true,"href":"https:\/\/blogdodanielgalvao.com.br\/site\/wp-json\/wp\/v2\/comments?post=22294"}],"version-history":[{"count":1,"href":"https:\/\/blogdodanielgalvao.com.br\/site\/wp-json\/wp\/v2\/posts\/22294\/revisions"}],"predecessor-version":[{"id":22296,"href":"https:\/\/blogdodanielgalvao.com.br\/site\/wp-json\/wp\/v2\/posts\/22294\/revisions\/22296"}],"wp:featuredmedia":[{"embeddable":true,"href":"https:\/\/blogdodanielgalvao.com.br\/site\/wp-json\/wp\/v2\/media\/22295"}],"wp:attachment":[{"href":"https:\/\/blogdodanielgalvao.com.br\/site\/wp-json\/wp\/v2\/media?parent=22294"}],"wp:term":[{"taxonomy":"category","embeddable":true,"href":"https:\/\/blogdodanielgalvao.com.br\/site\/wp-json\/wp\/v2\/categories?post=22294"},{"taxonomy":"post_tag","embeddable":true,"href":"https:\/\/blogdodanielgalvao.com.br\/site\/wp-json\/wp\/v2\/tags?post=22294"}],"curies":[{"name":"wp","href":"https:\/\/api.w.org\/{rel}","templated":true}]}}