{"id":22095,"date":"2025-08-11T17:19:29","date_gmt":"2025-08-11T20:19:29","guid":{"rendered":"https:\/\/blogdodanielgalvao.com.br\/site\/?p=22095"},"modified":"2025-08-11T17:19:29","modified_gmt":"2025-08-11T20:19:29","slug":"corporacao-de-cabo-frio-orienta-banhistas-sobre-cuidados-com-animais-marinhos","status":"publish","type":"post","link":"https:\/\/blogdodanielgalvao.com.br\/site\/corporacao-de-cabo-frio-orienta-banhistas-sobre-cuidados-com-animais-marinhos\/","title":{"rendered":"Corpora\u00e7\u00e3o de Cabo Frio orienta banhistas sobre cuidados com animais marinhos"},"content":{"rendered":"<p>Um pinguim-de-Magalh\u00e3es foi resgatado na manh\u00e3 desta segunda-feira (11) pelo Grupamento da Guarda Mar\u00edtima e Ambiental, nas Dunas do Per\u00f3, em Cabo Frio. O animal, visivelmente debilitado, foi encaminhado ao Instituto Albatroz, onde passar\u00e1 por tratamento veterin\u00e1rio especializado.<\/p>\n<p>Segundo a corpora\u00e7\u00e3o, a presen\u00e7a dessa esp\u00e9cie nas praias da regi\u00e3o \u00e9 comum nesta \u00e9poca do ano, sobretudo entre os exemplares mais jovens. Muitos chegam \u00e0 orla cansados ou desorientados pelas correntes frias, buscando repouso na areia.<\/p>\n<p>As autoridades refor\u00e7am que, ao encontrar um pinguim ou qualquer outro animal marinho, n\u00e3o se deve toc\u00e1-lo ou tentar resgat\u00e1-lo por conta pr\u00f3pria. Isso porque ele pode estar doente ou carregar parasitas.<\/p>\n<p>A orienta\u00e7\u00e3o \u00e9 manter dist\u00e2ncia, evitar aglomera\u00e7\u00f5es e acionar imediatamente os \u00f3rg\u00e3os ambientais. Os contatos s\u00e3o: Instituto Albatroz e Instituto BW, pelo telefone 0800 991 4800, ou a Guarda Civil Municipal, pelo\u00a0n\u00famero\u00a0153.<\/p>\n","protected":false},"excerpt":{"rendered":"<p>Um pinguim-de-Magalh\u00e3es foi resgatado na manh\u00e3 desta segunda-feira (11) pelo Grupamento da Guarda Mar\u00edtima e Ambiental, nas Dunas do Per\u00f3, em Cabo Frio. O animal, visivelmente debilitado, foi encaminhado ao Instituto Albatroz, onde passar\u00e1 por tratamento veterin\u00e1rio especializado. Segundo a corpora\u00e7\u00e3o, a presen\u00e7a dessa esp\u00e9cie nas praias da regi\u00e3o \u00e9 comum nesta \u00e9poca do ano, [&hellip;]<\/p>\n","protected":false},"author":2,"featured_media":22096,"comment_status":"open","ping_status":"open","sticky":true,"template":"","format":"standard","meta":{"footnotes":""},"categories":[340],"tags":[1896],"class_list":["post-22095","post","type-post","status-publish","format-standard","has-post-thumbnail","hentry","category-cabo-frio","tag-destaque"],"_links":{"self":[{"href":"https:\/\/blogdodanielgalvao.com.br\/site\/wp-json\/wp\/v2\/posts\/22095","targetHints":{"allow":["GET"]}}],"collection":[{"href":"https:\/\/blogdodanielgalvao.com.br\/site\/wp-json\/wp\/v2\/posts"}],"about":[{"href":"https:\/\/blogdodanielgalvao.com.br\/site\/wp-json\/wp\/v2\/types\/post"}],"author":[{"embeddable":true,"href":"https:\/\/blogdodanielgalvao.com.br\/site\/wp-json\/wp\/v2\/users\/2"}],"replies":[{"embeddable":true,"href":"https:\/\/blogdodanielgalvao.com.br\/site\/wp-json\/wp\/v2\/comments?post=22095"}],"version-history":[{"count":1,"href":"https:\/\/blogdodanielgalvao.com.br\/site\/wp-json\/wp\/v2\/posts\/22095\/revisions"}],"predecessor-version":[{"id":22097,"href":"https:\/\/blogdodanielgalvao.com.br\/site\/wp-json\/wp\/v2\/posts\/22095\/revisions\/22097"}],"wp:featuredmedia":[{"embeddable":true,"href":"https:\/\/blogdodanielgalvao.com.br\/site\/wp-json\/wp\/v2\/media\/22096"}],"wp:attachment":[{"href":"https:\/\/blogdodanielgalvao.com.br\/site\/wp-json\/wp\/v2\/media?parent=22095"}],"wp:term":[{"taxonomy":"category","embeddable":true,"href":"https:\/\/blogdodanielgalvao.com.br\/site\/wp-json\/wp\/v2\/categories?post=22095"},{"taxonomy":"post_tag","embeddable":true,"href":"https:\/\/blogdodanielgalvao.com.br\/site\/wp-json\/wp\/v2\/tags?post=22095"}],"curies":[{"name":"wp","href":"https:\/\/api.w.org\/{rel}","templated":true}]}}