{"id":22092,"date":"2025-08-11T17:22:27","date_gmt":"2025-08-11T20:22:27","guid":{"rendered":"https:\/\/blogdodanielgalvao.com.br\/site\/?p=22092"},"modified":"2025-08-11T17:22:27","modified_gmt":"2025-08-11T20:22:27","slug":"jovem-e-achado-morto-em-area-de-travessao-em-campos","status":"publish","type":"post","link":"https:\/\/blogdodanielgalvao.com.br\/site\/jovem-e-achado-morto-em-area-de-travessao-em-campos\/","title":{"rendered":"Jovem \u00e9 achado morto em \u00e1rea de Travess\u00e3o, em Campos"},"content":{"rendered":"<p>O corpo de um jovem foi encontrado na manh\u00e3 da \u00faltima segunda-feira (11) em uma \u00e1rea de mata no distrito de Travess\u00e3o, em Campos. Segundo informa\u00e7\u00f5es, ele foi localizado na Estrada de Balan\u00e7a Rangel.<\/p>\n<p>O corpo apresenta marcas de tiros. A v\u00edtima foi identificada como S\u00e1vio da Silva Barcelos, de 21 anos. A Pol\u00edcia Militar informou que entrou em contato com familiares, que informaram que o jovem estava desaparecido desde a \u00faltima sexta-feira (8).<\/p>\n<p>A pol\u00edcia informou tamb\u00e9m que o jovem n\u00e3o possui anota\u00e7\u00f5es criminais. Apesar disso, os agentes levantaram a informa\u00e7\u00e3o de que ele era integrante do tr\u00e1fico de drogas no local conhecido como Santu\u00e1rio II, em Travess\u00e3o. A informa\u00e7\u00e3o pode acabar ajudando a solucionar o caso, que foi registrado na 146\u00aa DP, onde est\u00e1 sendo conduzida uma investiga\u00e7\u00e3o.<\/p>\n","protected":false},"excerpt":{"rendered":"<p>O corpo de um jovem foi encontrado na manh\u00e3 da \u00faltima segunda-feira (11) em uma \u00e1rea de mata no distrito de Travess\u00e3o, em Campos. Segundo informa\u00e7\u00f5es, ele foi localizado na Estrada de Balan\u00e7a Rangel. O corpo apresenta marcas de tiros. A v\u00edtima foi identificada como S\u00e1vio da Silva Barcelos, de 21 anos. A Pol\u00edcia Militar [&hellip;]<\/p>\n","protected":false},"author":2,"featured_media":22099,"comment_status":"open","ping_status":"open","sticky":false,"template":"","format":"standard","meta":{"footnotes":""},"categories":[1899],"tags":[],"class_list":["post-22092","post","type-post","status-publish","format-standard","has-post-thumbnail","hentry","category-policia"],"_links":{"self":[{"href":"https:\/\/blogdodanielgalvao.com.br\/site\/wp-json\/wp\/v2\/posts\/22092","targetHints":{"allow":["GET"]}}],"collection":[{"href":"https:\/\/blogdodanielgalvao.com.br\/site\/wp-json\/wp\/v2\/posts"}],"about":[{"href":"https:\/\/blogdodanielgalvao.com.br\/site\/wp-json\/wp\/v2\/types\/post"}],"author":[{"embeddable":true,"href":"https:\/\/blogdodanielgalvao.com.br\/site\/wp-json\/wp\/v2\/users\/2"}],"replies":[{"embeddable":true,"href":"https:\/\/blogdodanielgalvao.com.br\/site\/wp-json\/wp\/v2\/comments?post=22092"}],"version-history":[{"count":1,"href":"https:\/\/blogdodanielgalvao.com.br\/site\/wp-json\/wp\/v2\/posts\/22092\/revisions"}],"predecessor-version":[{"id":22100,"href":"https:\/\/blogdodanielgalvao.com.br\/site\/wp-json\/wp\/v2\/posts\/22092\/revisions\/22100"}],"wp:featuredmedia":[{"embeddable":true,"href":"https:\/\/blogdodanielgalvao.com.br\/site\/wp-json\/wp\/v2\/media\/22099"}],"wp:attachment":[{"href":"https:\/\/blogdodanielgalvao.com.br\/site\/wp-json\/wp\/v2\/media?parent=22092"}],"wp:term":[{"taxonomy":"category","embeddable":true,"href":"https:\/\/blogdodanielgalvao.com.br\/site\/wp-json\/wp\/v2\/categories?post=22092"},{"taxonomy":"post_tag","embeddable":true,"href":"https:\/\/blogdodanielgalvao.com.br\/site\/wp-json\/wp\/v2\/tags?post=22092"}],"curies":[{"name":"wp","href":"https:\/\/api.w.org\/{rel}","templated":true}]}}