{"id":22085,"date":"2025-08-11T15:42:33","date_gmt":"2025-08-11T18:42:33","guid":{"rendered":"https:\/\/blogdodanielgalvao.com.br\/site\/?p=22085"},"modified":"2025-08-11T15:42:33","modified_gmt":"2025-08-11T18:42:33","slug":"cabo-frio-aposta-em-projeto-pioneiro-para-explorar-potencial-marinho","status":"publish","type":"post","link":"https:\/\/blogdodanielgalvao.com.br\/site\/cabo-frio-aposta-em-projeto-pioneiro-para-explorar-potencial-marinho\/","title":{"rendered":"Cabo Frio aposta em projeto pioneiro para explorar potencial marinho"},"content":{"rendered":"<p>A Prefeitura de Cabo Frio oficializou, nesta segunda-feira (11), uma coopera\u00e7\u00e3o t\u00e9cnica com o economista belga Gunter Pauli, refer\u00eancia mundial e criador do conceito de Economia Azul. O encontro marcou o in\u00edcio de uma parceria estrat\u00e9gica que busca transformar os recursos naturais da cidade em solu\u00e7\u00f5es inovadoras, capazes de gerar empregos, atrair investimentos e fortalecer a preserva\u00e7\u00e3o ambiental.<\/p>\n<p>A Economia Azul, defendida por Pauli, prop\u00f5e a utiliza\u00e7\u00e3o inteligente e sustent\u00e1vel dos recursos marinhos e costeiros, indo muito al\u00e9m da simples explora\u00e7\u00e3o dos oceanos. Entre as atividades que integram o conceito est\u00e3o a pesca e aquicultura respons\u00e1veis, a produ\u00e7\u00e3o de energia renov\u00e1vel a partir do mar, o turismo costeiro sustent\u00e1vel e o transporte mar\u00edtimo de baixo impacto ambiental.<\/p>\n<p>Segundo o prefeito Dr. Serginho, a iniciativa abre portas para um novo ciclo de desenvolvimento econ\u00f4mico na cidade. \u201cEstamos trazendo para Cabo Frio o que h\u00e1 de mais avan\u00e7ado em desenvolvimento sustent\u00e1vel. Vamos atrair investimentos, gerar empregos e criar oportunidades em setores estrat\u00e9gicos, aproveitando o que nossa cidade tem de mais valioso: suas \u00e1guas e sua gente.\u201d<\/p>\n<p>Gunter Pauli destacou que a decis\u00e3o da cidade \u00e9 um exemplo para o pa\u00eds. \u201cCada cidade pode desenvolver seus projetos com seus pr\u00f3prios recursos e oportunidades. A decis\u00e3o do prefeito envia uma grande mensagem para todo o Brasil.\u201d<\/p>\n<p>Para o secret\u00e1rio municipal de Gest\u00e3o Territorial e Economia Azul, Matheus Monica, a colabora\u00e7\u00e3o com a Funda\u00e7\u00e3o ZERI ser\u00e1 transformadora. \u201cTrazer o expertise dele vai transformar a nossa realidade. \u00c9 um passo enorme que coloca Cabo Frio na rota dos grandes investimentos da Economia Azul.\u201d<\/p>\n<p>A reuni\u00e3o contou ainda com a presen\u00e7a de representantes do Governo do Estado e do secret\u00e1rio municipal de Meio Ambiente, Saneamento e Clima, Ja\u00edlton Nogueira. A expectativa \u00e9 que, a partir dessa coopera\u00e7\u00e3o, sejam desenvolvidos projetos capazes de transformar as riquezas naturais da cidade em oportunidades sustent\u00e1veis e de alto\u00a0valor\u00a0agregado.<\/p>\n","protected":false},"excerpt":{"rendered":"<p>A Prefeitura de Cabo Frio oficializou, nesta segunda-feira (11), uma coopera\u00e7\u00e3o t\u00e9cnica com o economista belga Gunter Pauli, refer\u00eancia mundial e criador do conceito de Economia Azul. O encontro marcou o in\u00edcio de uma parceria estrat\u00e9gica que busca transformar os recursos naturais da cidade em solu\u00e7\u00f5es inovadoras, capazes de gerar empregos, atrair investimentos e fortalecer [&hellip;]<\/p>\n","protected":false},"author":2,"featured_media":22086,"comment_status":"open","ping_status":"open","sticky":true,"template":"","format":"standard","meta":{"footnotes":""},"categories":[340],"tags":[1896],"class_list":["post-22085","post","type-post","status-publish","format-standard","has-post-thumbnail","hentry","category-cabo-frio","tag-destaque"],"_links":{"self":[{"href":"https:\/\/blogdodanielgalvao.com.br\/site\/wp-json\/wp\/v2\/posts\/22085","targetHints":{"allow":["GET"]}}],"collection":[{"href":"https:\/\/blogdodanielgalvao.com.br\/site\/wp-json\/wp\/v2\/posts"}],"about":[{"href":"https:\/\/blogdodanielgalvao.com.br\/site\/wp-json\/wp\/v2\/types\/post"}],"author":[{"embeddable":true,"href":"https:\/\/blogdodanielgalvao.com.br\/site\/wp-json\/wp\/v2\/users\/2"}],"replies":[{"embeddable":true,"href":"https:\/\/blogdodanielgalvao.com.br\/site\/wp-json\/wp\/v2\/comments?post=22085"}],"version-history":[{"count":1,"href":"https:\/\/blogdodanielgalvao.com.br\/site\/wp-json\/wp\/v2\/posts\/22085\/revisions"}],"predecessor-version":[{"id":22087,"href":"https:\/\/blogdodanielgalvao.com.br\/site\/wp-json\/wp\/v2\/posts\/22085\/revisions\/22087"}],"wp:featuredmedia":[{"embeddable":true,"href":"https:\/\/blogdodanielgalvao.com.br\/site\/wp-json\/wp\/v2\/media\/22086"}],"wp:attachment":[{"href":"https:\/\/blogdodanielgalvao.com.br\/site\/wp-json\/wp\/v2\/media?parent=22085"}],"wp:term":[{"taxonomy":"category","embeddable":true,"href":"https:\/\/blogdodanielgalvao.com.br\/site\/wp-json\/wp\/v2\/categories?post=22085"},{"taxonomy":"post_tag","embeddable":true,"href":"https:\/\/blogdodanielgalvao.com.br\/site\/wp-json\/wp\/v2\/tags?post=22085"}],"curies":[{"name":"wp","href":"https:\/\/api.w.org\/{rel}","templated":true}]}}