{"id":22081,"date":"2025-08-11T15:06:46","date_gmt":"2025-08-11T18:06:46","guid":{"rendered":"https:\/\/blogdodanielgalvao.com.br\/site\/?p=22081"},"modified":"2025-08-11T15:06:46","modified_gmt":"2025-08-11T18:06:46","slug":"festa-da-padroeira-de-marica-tem-atracoes-musicais-confirmadas-pela-prefeitura","status":"publish","type":"post","link":"https:\/\/blogdodanielgalvao.com.br\/site\/festa-da-padroeira-de-marica-tem-atracoes-musicais-confirmadas-pela-prefeitura\/","title":{"rendered":"Festa da Padroeira de Maric\u00e1 tem atra\u00e7\u00f5es musicais confirmadas pela prefeitura"},"content":{"rendered":"<p>A Prefeitura de Maric\u00e1 anunciou a programa\u00e7\u00e3o de shows da Festa da Padroeira da cidade, que come\u00e7a nessa quinta-feira, 14, e vai at\u00e9 s\u00e1bado, 17, homenageando Nossa Senhora do Amparo com muita m\u00fasica na Pra\u00e7a Orlando de Barros Pimentel, no Centro.<\/p>\n<p>Entre as atra\u00e7\u00f5es confirmadas est\u00e3o nomes como Ferrugem, Tiee e Padre F\u00e1bio de Melo, al\u00e9m de outros artistas, como Karen Keldani, Tony Alysson, e Juninho Cassimiro, as duplas, George Henrique e Rodrigo, e Diego e Victor Hugo, e os grupos, Os Mulekes, e Pagode do Adame.<\/p>\n<p>Aposta na mistura de f\u00e9, tradi\u00e7\u00e3o e cultura popular, a Festa da Padroeira de Maric\u00e1 contar\u00e1 com apresenta\u00e7\u00f5es de artistas renomados e de diversos estilos, incluindo m\u00fasica cat\u00f3lica, samba e pagode e sertanejo.<\/p>\n<p>\u201cPreparamos uma programa\u00e7\u00e3o variada e com atra\u00e7\u00f5es para todos os gostos. Vamos garantir um evento seguro, inclusivo, de oportunidade e para as fam\u00edlias. Queremos convidar todos para esses 4 dias de festividades. Teremos boas experi\u00eancias\u201d, afirmou o secret\u00e1rio de Promo\u00e7\u00e3o de Eventos de Maric\u00e1, Rony Peterson (PSD).<\/p>\n<p>De acordo com a prefeitura, a celebra\u00e7\u00e3o acontece a partir de uma realiza\u00e7\u00e3o conjunta das secretarias de Promo\u00e7\u00e3o de Eventos, de Comunica\u00e7\u00e3o Social, de Turismo, Com\u00e9rcio, Ind\u00fastria e Mercado Interno, e de Assuntos Religiosos.<\/p>\n<p>\u201cA celebra\u00e7\u00e3o \u00e9 uma das mais antigas e tradicionais do munic\u00edpio. Com ra\u00edzes que remontam ao per\u00edodo colonial, a escolha de Nossa Senhora do Amparo como padroeira est\u00e1 ligada \u00e0 forte devo\u00e7\u00e3o cat\u00f3lica dos primeiros habitantes de Maric\u00e1. O nome \u2018Amparo\u2019 representa prote\u00e7\u00e3o, acolhimento e f\u00e9, valores que moldam a identidade cultural e religiosa da cidade ao longo dos anos\u201d, explicou o munic\u00edpio.<\/p>\n","protected":false},"excerpt":{"rendered":"<p>A Prefeitura de Maric\u00e1 anunciou a programa\u00e7\u00e3o de shows da Festa da Padroeira da cidade, que come\u00e7a nessa quinta-feira, 14, e vai at\u00e9 s\u00e1bado, 17, homenageando Nossa Senhora do Amparo com muita m\u00fasica na Pra\u00e7a Orlando de Barros Pimentel, no Centro. Entre as atra\u00e7\u00f5es confirmadas est\u00e3o nomes como Ferrugem, Tiee e Padre F\u00e1bio de Melo, [&hellip;]<\/p>\n","protected":false},"author":2,"featured_media":22082,"comment_status":"open","ping_status":"open","sticky":true,"template":"","format":"standard","meta":{"footnotes":""},"categories":[299],"tags":[1896],"class_list":["post-22081","post","type-post","status-publish","format-standard","has-post-thumbnail","hentry","category-marica","tag-destaque"],"_links":{"self":[{"href":"https:\/\/blogdodanielgalvao.com.br\/site\/wp-json\/wp\/v2\/posts\/22081","targetHints":{"allow":["GET"]}}],"collection":[{"href":"https:\/\/blogdodanielgalvao.com.br\/site\/wp-json\/wp\/v2\/posts"}],"about":[{"href":"https:\/\/blogdodanielgalvao.com.br\/site\/wp-json\/wp\/v2\/types\/post"}],"author":[{"embeddable":true,"href":"https:\/\/blogdodanielgalvao.com.br\/site\/wp-json\/wp\/v2\/users\/2"}],"replies":[{"embeddable":true,"href":"https:\/\/blogdodanielgalvao.com.br\/site\/wp-json\/wp\/v2\/comments?post=22081"}],"version-history":[{"count":1,"href":"https:\/\/blogdodanielgalvao.com.br\/site\/wp-json\/wp\/v2\/posts\/22081\/revisions"}],"predecessor-version":[{"id":22083,"href":"https:\/\/blogdodanielgalvao.com.br\/site\/wp-json\/wp\/v2\/posts\/22081\/revisions\/22083"}],"wp:featuredmedia":[{"embeddable":true,"href":"https:\/\/blogdodanielgalvao.com.br\/site\/wp-json\/wp\/v2\/media\/22082"}],"wp:attachment":[{"href":"https:\/\/blogdodanielgalvao.com.br\/site\/wp-json\/wp\/v2\/media?parent=22081"}],"wp:term":[{"taxonomy":"category","embeddable":true,"href":"https:\/\/blogdodanielgalvao.com.br\/site\/wp-json\/wp\/v2\/categories?post=22081"},{"taxonomy":"post_tag","embeddable":true,"href":"https:\/\/blogdodanielgalvao.com.br\/site\/wp-json\/wp\/v2\/tags?post=22081"}],"curies":[{"name":"wp","href":"https:\/\/api.w.org\/{rel}","templated":true}]}}