{"id":22078,"date":"2025-08-11T15:00:01","date_gmt":"2025-08-11T18:00:01","guid":{"rendered":"https:\/\/blogdodanielgalvao.com.br\/site\/?p=22078"},"modified":"2025-08-11T15:00:01","modified_gmt":"2025-08-11T18:00:01","slug":"cabo-frio-prepara-alunos-para-processo-seletivo-do-instituto-federal-fluminense","status":"publish","type":"post","link":"https:\/\/blogdodanielgalvao.com.br\/site\/cabo-frio-prepara-alunos-para-processo-seletivo-do-instituto-federal-fluminense\/","title":{"rendered":"Cabo Frio prepara alunos para processo seletivo do Instituto Federal Fluminense"},"content":{"rendered":"<p>Cerca de 300 estudantes do 9\u00ba ano, provenientes de 12 escolas da rede municipal de ensino de Cabo Frio, participaram de uma visita guiada ao Instituto Federal Fluminense (IFF) \u2013 Campus Cabo Frio. A iniciativa teve o prop\u00f3sito de apresentar aos jovens os cursos t\u00e9cnicos e de gradua\u00e7\u00e3o oferecidos pela institui\u00e7\u00e3o, incentivando o planejamento do futuro acad\u00eamico e profissional.<\/p>\n<p>Durante o tour, os alunos conheceram laborat\u00f3rios, salas de aula e espa\u00e7os de conviv\u00eancia, al\u00e9m de receberem informa\u00e7\u00f5es detalhadas sobre o funcionamento dos cursos, as \u00e1reas de atua\u00e7\u00e3o e as possibilidades de continuidade dos estudos no ensino superior.<\/p>\n<p>O secret\u00e1rio municipal de Educa\u00e7\u00e3o, Alfredo Gon\u00e7alves, ressaltou a relev\u00e2ncia da a\u00e7\u00e3o: &#8220;Proporcionar esse contato direto com o ambiente acad\u00eamico e com as diversas \u00e1reas de conhecimento amplia o horizonte dos nossos jovens e contribui para que eles fa\u00e7am escolhas conscientes sobre seu futuro&#8221;.<\/p>\n<p>As inscri\u00e7\u00f5es para o Processo Seletivo e Vestibular do IFF \u2013 Campus Cabo Frio para o pr\u00f3ximo ano ser\u00e3o abertas em breve. Interessados devem acompanhar o site oficial da institui\u00e7\u00e3o para informa\u00e7\u00f5es sobre prazos, modalidades e crit\u00e9rios de ingresso. T\u00e9cnicos do IFF tamb\u00e9m visitar\u00e3o as escolas municipais para divulgar o processo e estimular as inscri\u00e7\u00f5es. A Secretaria Municipal de Educa\u00e7\u00e3o, por meio da Supervis\u00e3o de Orienta\u00e7\u00e3o e Acompanhamento Escolar, dar\u00e1 suporte aos estudantes durante as inscri\u00e7\u00f5es e na organiza\u00e7\u00e3o da documenta\u00e7\u00e3o necess\u00e1ria.<\/p>\n<p>Reconhecido pelo ensino p\u00fablico e gratuito de qualidade, o IFF oferece forma\u00e7\u00f5es que combinam teoria, pr\u00e1tica e incentivo \u00e0 pesquisa, preparando os estudantes para os desafios do mercado de trabalho e da\u00a0vida\u00a0acad\u00eamica.<\/p>\n","protected":false},"excerpt":{"rendered":"<p>Cerca de 300 estudantes do 9\u00ba ano, provenientes de 12 escolas da rede municipal de ensino de Cabo Frio, participaram de uma visita guiada ao Instituto Federal Fluminense (IFF) \u2013 Campus Cabo Frio. A iniciativa teve o prop\u00f3sito de apresentar aos jovens os cursos t\u00e9cnicos e de gradua\u00e7\u00e3o oferecidos pela institui\u00e7\u00e3o, incentivando o planejamento do [&hellip;]<\/p>\n","protected":false},"author":2,"featured_media":22079,"comment_status":"open","ping_status":"open","sticky":true,"template":"","format":"standard","meta":{"footnotes":""},"categories":[340],"tags":[1896],"class_list":["post-22078","post","type-post","status-publish","format-standard","has-post-thumbnail","hentry","category-cabo-frio","tag-destaque"],"_links":{"self":[{"href":"https:\/\/blogdodanielgalvao.com.br\/site\/wp-json\/wp\/v2\/posts\/22078","targetHints":{"allow":["GET"]}}],"collection":[{"href":"https:\/\/blogdodanielgalvao.com.br\/site\/wp-json\/wp\/v2\/posts"}],"about":[{"href":"https:\/\/blogdodanielgalvao.com.br\/site\/wp-json\/wp\/v2\/types\/post"}],"author":[{"embeddable":true,"href":"https:\/\/blogdodanielgalvao.com.br\/site\/wp-json\/wp\/v2\/users\/2"}],"replies":[{"embeddable":true,"href":"https:\/\/blogdodanielgalvao.com.br\/site\/wp-json\/wp\/v2\/comments?post=22078"}],"version-history":[{"count":1,"href":"https:\/\/blogdodanielgalvao.com.br\/site\/wp-json\/wp\/v2\/posts\/22078\/revisions"}],"predecessor-version":[{"id":22080,"href":"https:\/\/blogdodanielgalvao.com.br\/site\/wp-json\/wp\/v2\/posts\/22078\/revisions\/22080"}],"wp:featuredmedia":[{"embeddable":true,"href":"https:\/\/blogdodanielgalvao.com.br\/site\/wp-json\/wp\/v2\/media\/22079"}],"wp:attachment":[{"href":"https:\/\/blogdodanielgalvao.com.br\/site\/wp-json\/wp\/v2\/media?parent=22078"}],"wp:term":[{"taxonomy":"category","embeddable":true,"href":"https:\/\/blogdodanielgalvao.com.br\/site\/wp-json\/wp\/v2\/categories?post=22078"},{"taxonomy":"post_tag","embeddable":true,"href":"https:\/\/blogdodanielgalvao.com.br\/site\/wp-json\/wp\/v2\/tags?post=22078"}],"curies":[{"name":"wp","href":"https:\/\/api.w.org\/{rel}","templated":true}]}}