{"id":22075,"date":"2025-08-11T14:51:35","date_gmt":"2025-08-11T17:51:35","guid":{"rendered":"https:\/\/blogdodanielgalvao.com.br\/site\/?p=22075"},"modified":"2025-08-11T14:51:35","modified_gmt":"2025-08-11T17:51:35","slug":"surf-e-musica-agitam-final-de-semana-esportivo-em-arraial-do-cabo","status":"publish","type":"post","link":"https:\/\/blogdodanielgalvao.com.br\/site\/surf-e-musica-agitam-final-de-semana-esportivo-em-arraial-do-cabo\/","title":{"rendered":"Surf e m\u00fasica agitam final de semana esportivo em Arraial do Cabo"},"content":{"rendered":"<p>Nem o vento cortante, nem a garoa persistente e muito menos o mar agitado afastaram atletas e p\u00fablico da Praia Grande neste domingo (9), durante a primeira etapa do Circuito ASAC, em Arraial do Cabo. A competi\u00e7\u00e3o mostrou que os surfistas cabistas n\u00e3o se intimidam com as adversidades clim\u00e1ticas.<\/p>\n<p>No Sub 12, Derek Freitas levou a melhor, seguido por Yan Falc\u00e3o, Filipe Bertolossi e Miguel Luz. J\u00e1 no Sub 16, a disputa foi intensa: Guilherme Barreto dominou as ondas e garantiu o primeiro lugar, com Erick Matheus em segundo, Artur Lemos em terceiro e Ivan Mynenko em quarto.<\/p>\n<p>Na categoria Open, Hugo Netto conquistou o topo do p\u00f3dio, seguido de Victor Silveira, Claudio Freitas e Jo\u00e3o Barreto. Entre os atletas da Master, a experi\u00eancia falou mais alto e Hugo Netto voltou a vencer, com Claudio Freitas, Edison Souto e Jo\u00e3o Barreto completando a classifica\u00e7\u00e3o.<\/p>\n<p>O Longboard teve Diego Martins como campe\u00e3o, com Mauricio Raul em segundo, Diogo Martins em terceiro e Mayara Duarte em quarto lugar.<\/p>\n<p>Para encerrar o evento, o cantor Rubinho colocou o p\u00fablico para cantar e dan\u00e7ar, fechando com chave de ouro um domingo de esporte e confraterniza\u00e7\u00e3o. O campeonato, promovido pela Associa\u00e7\u00e3o de Surf de Arraial do Cabo (ASAC) com apoio da Prefeitura, refor\u00e7ou a paix\u00e3o local pelo surf e a for\u00e7a da comunidade que vive intensamente\u00a0o\u00a0mar.<\/p>\n","protected":false},"excerpt":{"rendered":"<p>Nem o vento cortante, nem a garoa persistente e muito menos o mar agitado afastaram atletas e p\u00fablico da Praia Grande neste domingo (9), durante a primeira etapa do Circuito ASAC, em Arraial do Cabo. A competi\u00e7\u00e3o mostrou que os surfistas cabistas n\u00e3o se intimidam com as adversidades clim\u00e1ticas. No Sub 12, Derek Freitas levou [&hellip;]<\/p>\n","protected":false},"author":2,"featured_media":22076,"comment_status":"open","ping_status":"open","sticky":true,"template":"","format":"standard","meta":{"footnotes":""},"categories":[838],"tags":[1896],"class_list":["post-22075","post","type-post","status-publish","format-standard","has-post-thumbnail","hentry","category-arraial-do-cabo","tag-destaque"],"_links":{"self":[{"href":"https:\/\/blogdodanielgalvao.com.br\/site\/wp-json\/wp\/v2\/posts\/22075","targetHints":{"allow":["GET"]}}],"collection":[{"href":"https:\/\/blogdodanielgalvao.com.br\/site\/wp-json\/wp\/v2\/posts"}],"about":[{"href":"https:\/\/blogdodanielgalvao.com.br\/site\/wp-json\/wp\/v2\/types\/post"}],"author":[{"embeddable":true,"href":"https:\/\/blogdodanielgalvao.com.br\/site\/wp-json\/wp\/v2\/users\/2"}],"replies":[{"embeddable":true,"href":"https:\/\/blogdodanielgalvao.com.br\/site\/wp-json\/wp\/v2\/comments?post=22075"}],"version-history":[{"count":1,"href":"https:\/\/blogdodanielgalvao.com.br\/site\/wp-json\/wp\/v2\/posts\/22075\/revisions"}],"predecessor-version":[{"id":22077,"href":"https:\/\/blogdodanielgalvao.com.br\/site\/wp-json\/wp\/v2\/posts\/22075\/revisions\/22077"}],"wp:featuredmedia":[{"embeddable":true,"href":"https:\/\/blogdodanielgalvao.com.br\/site\/wp-json\/wp\/v2\/media\/22076"}],"wp:attachment":[{"href":"https:\/\/blogdodanielgalvao.com.br\/site\/wp-json\/wp\/v2\/media?parent=22075"}],"wp:term":[{"taxonomy":"category","embeddable":true,"href":"https:\/\/blogdodanielgalvao.com.br\/site\/wp-json\/wp\/v2\/categories?post=22075"},{"taxonomy":"post_tag","embeddable":true,"href":"https:\/\/blogdodanielgalvao.com.br\/site\/wp-json\/wp\/v2\/tags?post=22075"}],"curies":[{"name":"wp","href":"https:\/\/api.w.org\/{rel}","templated":true}]}}