{"id":22072,"date":"2025-08-11T14:42:15","date_gmt":"2025-08-11T17:42:15","guid":{"rendered":"https:\/\/blogdodanielgalvao.com.br\/site\/?p=22072"},"modified":"2025-08-11T14:42:15","modified_gmt":"2025-08-11T17:42:15","slug":"agricultura-familiar-e-tradicoes-afro-brasileiras-movimentam-horto-municipal-cabo-frio","status":"publish","type":"post","link":"https:\/\/blogdodanielgalvao.com.br\/site\/agricultura-familiar-e-tradicoes-afro-brasileiras-movimentam-horto-municipal-cabo-frio\/","title":{"rendered":"Agricultura familiar e tradi\u00e7\u00f5es afro-brasileiras movimentam Horto Municipal Cabo Frio"},"content":{"rendered":"<p>O Horto Municipal Ant\u00f4nio \u00c2ngelo Trindade Marques, no bairro Portinho, recebeu no s\u00e1bado (9) uma edi\u00e7\u00e3o especial da Feira Quilombola em comemora\u00e7\u00e3o ao Dia dos Pais. O evento, apoiado pela Prefeitura de Cabo Frio, reuniu moradores e visitantes para uma programa\u00e7\u00e3o diversificada, com apresenta\u00e7\u00f5es musicais, comercializa\u00e7\u00e3o de produtos agroecol\u00f3gicos, artesanato e gastronomia t\u00edpica das comunidades quilombolas da regi\u00e3o.<\/p>\n<p>Realizada mensalmente no segundo s\u00e1bado de cada m\u00eas, a feira \u00e9 organizada pela Cooperativa das Comunidades Quilombolas da Regi\u00e3o dos Lagos (Cooperquilombo) e pela Cooperativa da Agricultura Familiar da Regi\u00e3o dos Lagos (CoopaLagos), com o apoio das secretarias de Meio Ambiente, Saneamento e Clima e de Cultura.<\/p>\n<p>Nesta edi\u00e7\u00e3o, o p\u00fablico encontrou uma grande variedade de itens da agricultura familiar, como aipim, banana, laranja, farinha e pimenta, al\u00e9m de pe\u00e7as artesanais e pratos tradicionais da culin\u00e1ria quilombola e afro-brasileira. As apresenta\u00e7\u00f5es da banda DesAm\u00e9lias e dos artistas Junior Carri\u00e7o e Jisele Gaspar animaram a festa.<\/p>\n<p>Um dos destaques foi o melipon\u00e1rio do Horto, que permitiu aos visitantes conhecer abelhas nativas sem ferr\u00e3o e adquirir mel. O apicultor e meliponicultor Assis Mafort apresentou a import\u00e2ncia das abelhas para a poliniza\u00e7\u00e3o e para a preserva\u00e7\u00e3o da biodiversidade local.<\/p>\n<p>A engenheira ambiental Alessandra Rangel de Oliveira, da comunidade quilombola de Maria Romana, destacou que o projeto fortalece a economia das fam\u00edlias e amplia a visibilidade da cultura quilombola. \u201cNossa feira n\u00e3o s\u00f3 ajuda a escoar a produ\u00e7\u00e3o, mas mostra que somos patrim\u00f4nio cultural, ambiental e hist\u00f3rico do munic\u00edpio\u201d, afirmou.<\/p>\n<p>O presidente da Cooperquilombo, Altair Barreto, ressaltou que a feira garante renda e evita o desperd\u00edcio da produ\u00e7\u00e3o, com cultivo livre de agrot\u00f3xicos e uso de adubo org\u00e2nico. Expositores e frequentadores tamb\u00e9m elogiaram o espa\u00e7o como um ambiente de conviv\u00eancia, lazer seguro e valoriza\u00e7\u00e3o das tradi\u00e7\u00f5es.<\/p>\n<p>Al\u00e9m das comunidades quilombolas de Cabo Frio, a feira abre espa\u00e7o para produtores e artes\u00e3os de outros munic\u00edpios da Regi\u00e3o dos Lagos, reunindo cerca de 80 expositores em sistema rotativo.<\/p>\n<p>O Horto Municipal, que abriga o evento, funciona de segunda a sexta-feira, das 8h \u00e0s 17h, com entrada gratuita e distribui\u00e7\u00e3o de mudas nativas e frut\u00edferas. O espa\u00e7o tamb\u00e9m conta com horta, melipon\u00e1rio, parquinho e \u00e1reas de contempla\u00e7\u00e3o, al\u00e9m de oferecer aulas gratuitas de viol\u00e3o \u00e0s segundas e\u00a0quartas-feiras.<\/p>\n","protected":false},"excerpt":{"rendered":"<p>O Horto Municipal Ant\u00f4nio \u00c2ngelo Trindade Marques, no bairro Portinho, recebeu no s\u00e1bado (9) uma edi\u00e7\u00e3o especial da Feira Quilombola em comemora\u00e7\u00e3o ao Dia dos Pais. O evento, apoiado pela Prefeitura de Cabo Frio, reuniu moradores e visitantes para uma programa\u00e7\u00e3o diversificada, com apresenta\u00e7\u00f5es musicais, comercializa\u00e7\u00e3o de produtos agroecol\u00f3gicos, artesanato e gastronomia t\u00edpica das comunidades [&hellip;]<\/p>\n","protected":false},"author":2,"featured_media":22073,"comment_status":"open","ping_status":"open","sticky":true,"template":"","format":"standard","meta":{"footnotes":""},"categories":[340],"tags":[1896],"class_list":["post-22072","post","type-post","status-publish","format-standard","has-post-thumbnail","hentry","category-cabo-frio","tag-destaque"],"_links":{"self":[{"href":"https:\/\/blogdodanielgalvao.com.br\/site\/wp-json\/wp\/v2\/posts\/22072","targetHints":{"allow":["GET"]}}],"collection":[{"href":"https:\/\/blogdodanielgalvao.com.br\/site\/wp-json\/wp\/v2\/posts"}],"about":[{"href":"https:\/\/blogdodanielgalvao.com.br\/site\/wp-json\/wp\/v2\/types\/post"}],"author":[{"embeddable":true,"href":"https:\/\/blogdodanielgalvao.com.br\/site\/wp-json\/wp\/v2\/users\/2"}],"replies":[{"embeddable":true,"href":"https:\/\/blogdodanielgalvao.com.br\/site\/wp-json\/wp\/v2\/comments?post=22072"}],"version-history":[{"count":1,"href":"https:\/\/blogdodanielgalvao.com.br\/site\/wp-json\/wp\/v2\/posts\/22072\/revisions"}],"predecessor-version":[{"id":22074,"href":"https:\/\/blogdodanielgalvao.com.br\/site\/wp-json\/wp\/v2\/posts\/22072\/revisions\/22074"}],"wp:featuredmedia":[{"embeddable":true,"href":"https:\/\/blogdodanielgalvao.com.br\/site\/wp-json\/wp\/v2\/media\/22073"}],"wp:attachment":[{"href":"https:\/\/blogdodanielgalvao.com.br\/site\/wp-json\/wp\/v2\/media?parent=22072"}],"wp:term":[{"taxonomy":"category","embeddable":true,"href":"https:\/\/blogdodanielgalvao.com.br\/site\/wp-json\/wp\/v2\/categories?post=22072"},{"taxonomy":"post_tag","embeddable":true,"href":"https:\/\/blogdodanielgalvao.com.br\/site\/wp-json\/wp\/v2\/tags?post=22072"}],"curies":[{"name":"wp","href":"https:\/\/api.w.org\/{rel}","templated":true}]}}