{"id":22069,"date":"2025-08-11T14:36:28","date_gmt":"2025-08-11T17:36:28","guid":{"rendered":"https:\/\/blogdodanielgalvao.com.br\/site\/?p=22069"},"modified":"2025-08-11T14:36:28","modified_gmt":"2025-08-11T17:36:28","slug":"cabo-frio-promove-evento-que-integra-tradicao-religiosa-e-atividade-fisica","status":"publish","type":"post","link":"https:\/\/blogdodanielgalvao.com.br\/site\/cabo-frio-promove-evento-que-integra-tradicao-religiosa-e-atividade-fisica\/","title":{"rendered":"Cabo Frio promove evento que integra tradi\u00e7\u00e3o religiosa e atividade f\u00edsica"},"content":{"rendered":"<p>A 18\u00aa edi\u00e7\u00e3o da Corrida da Padroeira movimentou as ruas de Cabo Frio na manh\u00e3 de domingo (10), abrindo oficialmente as celebra\u00e7\u00f5es pelo Dia de Nossa Senhora da Assun\u00e7\u00e3o, que ser\u00e1 comemorado em 15 de agosto. O evento, j\u00e1 tradicional no calend\u00e1rio municipal, reuniu atletas de diversas cidades da Regi\u00e3o dos Lagos e de munic\u00edpios vizinhos.<\/p>\n<p>Os competidores participaram de percursos de 5 km e 10 km, com largada em frente \u00e0 Igreja Matriz de Nossa Senhora da Assun\u00e7\u00e3o, no Centro. Antes do in\u00edcio, o p\u00e1roco da Par\u00f3quia, padre Marcelo Chelles, deu uma b\u00ean\u00e7\u00e3o especial aos corredores, refor\u00e7ando o car\u00e1ter simb\u00f3lico da prova. \u201c\u00c9 uma alegria a nossa par\u00f3quia realizar mais uma Corrida da Padroeira. Pe\u00e7o a Deus sa\u00fade, paz e prote\u00e7\u00e3o para todos, sob a intercess\u00e3o da Virgem Maria, m\u00e3e de Jesus e nossa m\u00e3e\u201d, disse, conduzindo a ora\u00e7\u00e3o do Pai Nosso e da Ave Maria.<\/p>\n<p>O trajeto passou por ruas hist\u00f3ricas, pela orla da Praia do Forte e pelo bairro da Passagem, finalizando na Pra\u00e7a Porto Rocha, novamente diante da Igreja Matriz. Entre os momentos marcantes, esteve a participa\u00e7\u00e3o do atleta Anderson China, que correu os 5 km empurrando o carrinho da filha Luna, de 3 anos. \u201cCorrer com ela no Dia dos Pais \u00e9 um prazer enorme. J\u00e1 participei de v\u00e1rias provas, mas essa data reservo para estar com minha filha\u201d, relatou, ap\u00f3s completar o percurso em 21 minutos e 15 segundos.<\/p>\n<p>O prefeito Dr. Serginho tamb\u00e9m participou da prova, no percurso de 10 km, e destacou a import\u00e2ncia do evento. \u201cCidade feliz respirando alegria. A Corrida da Padroeira \u00e9 um s\u00edmbolo de tradi\u00e7\u00e3o, mostrando como esporte, f\u00e9 e turismo caminham juntos para fortalecer nossa identidade e movimentar a economia\u201d, afirmou.<\/p>\n<p>&nbsp;<\/p>\n<p>Foto: Mari Ricci\/Secom<\/p>\n","protected":false},"excerpt":{"rendered":"<p>A 18\u00aa edi\u00e7\u00e3o da Corrida da Padroeira movimentou as ruas de Cabo Frio na manh\u00e3 de domingo (10), abrindo oficialmente as celebra\u00e7\u00f5es pelo Dia de Nossa Senhora da Assun\u00e7\u00e3o, que ser\u00e1 comemorado em 15 de agosto. O evento, j\u00e1 tradicional no calend\u00e1rio municipal, reuniu atletas de diversas cidades da Regi\u00e3o dos Lagos e de munic\u00edpios [&hellip;]<\/p>\n","protected":false},"author":2,"featured_media":22070,"comment_status":"open","ping_status":"open","sticky":true,"template":"","format":"standard","meta":{"footnotes":""},"categories":[340],"tags":[1896],"class_list":["post-22069","post","type-post","status-publish","format-standard","has-post-thumbnail","hentry","category-cabo-frio","tag-destaque"],"_links":{"self":[{"href":"https:\/\/blogdodanielgalvao.com.br\/site\/wp-json\/wp\/v2\/posts\/22069","targetHints":{"allow":["GET"]}}],"collection":[{"href":"https:\/\/blogdodanielgalvao.com.br\/site\/wp-json\/wp\/v2\/posts"}],"about":[{"href":"https:\/\/blogdodanielgalvao.com.br\/site\/wp-json\/wp\/v2\/types\/post"}],"author":[{"embeddable":true,"href":"https:\/\/blogdodanielgalvao.com.br\/site\/wp-json\/wp\/v2\/users\/2"}],"replies":[{"embeddable":true,"href":"https:\/\/blogdodanielgalvao.com.br\/site\/wp-json\/wp\/v2\/comments?post=22069"}],"version-history":[{"count":1,"href":"https:\/\/blogdodanielgalvao.com.br\/site\/wp-json\/wp\/v2\/posts\/22069\/revisions"}],"predecessor-version":[{"id":22071,"href":"https:\/\/blogdodanielgalvao.com.br\/site\/wp-json\/wp\/v2\/posts\/22069\/revisions\/22071"}],"wp:featuredmedia":[{"embeddable":true,"href":"https:\/\/blogdodanielgalvao.com.br\/site\/wp-json\/wp\/v2\/media\/22070"}],"wp:attachment":[{"href":"https:\/\/blogdodanielgalvao.com.br\/site\/wp-json\/wp\/v2\/media?parent=22069"}],"wp:term":[{"taxonomy":"category","embeddable":true,"href":"https:\/\/blogdodanielgalvao.com.br\/site\/wp-json\/wp\/v2\/categories?post=22069"},{"taxonomy":"post_tag","embeddable":true,"href":"https:\/\/blogdodanielgalvao.com.br\/site\/wp-json\/wp\/v2\/tags?post=22069"}],"curies":[{"name":"wp","href":"https:\/\/api.w.org\/{rel}","templated":true}]}}