{"id":22065,"date":"2025-08-11T13:29:43","date_gmt":"2025-08-11T16:29:43","guid":{"rendered":"https:\/\/blogdodanielgalvao.com.br\/site\/?p=22065"},"modified":"2025-08-11T13:29:43","modified_gmt":"2025-08-11T16:29:43","slug":"prefeitura-de-cabo-frio-fecha-temporada-junina-com-evento-no-jardim-caicara","status":"publish","type":"post","link":"https:\/\/blogdodanielgalvao.com.br\/site\/prefeitura-de-cabo-frio-fecha-temporada-junina-com-evento-no-jardim-caicara\/","title":{"rendered":"Prefeitura de Cabo Frio fecha temporada junina com evento no Jardim Cai\u00e7ara"},"content":{"rendered":"<p>O Jardim Cai\u00e7ara foi palco de uma noite de festa e alegria no s\u00e1bado (9), durante o Arrai\u00e1 do Cai\u00e7ara, que encerrou a temporada de festas juninas promovida pela Prefeitura de Cabo Frio, por meio da Secretaria Municipal de Cultura.<\/p>\n<p>A programa\u00e7\u00e3o come\u00e7ou no embalo do Baile Charme comandado por Gabriel Gomes, que aqueceu o p\u00fablico logo nas primeiras horas do evento. Em seguida, a quadrilha do grupo Atitude Dance trouxe cor, energia e coreografias que arrancaram aplausos. O encerramento ficou por conta do forr\u00f3 contagiante do cantor Patrick Meirelles, que fez a plateia dan\u00e7ar at\u00e9 o fim da noite.<\/p>\n<p>Moradora do bairro, a aut\u00f4noma Joseane Alves destacou a import\u00e2ncia da festa para a comunidade: &#8220;A noite foi maravilhosa. Uma festa alegre, organizada e que trouxe a comunidade para se reunir e se divertir&#8221;.<\/p>\n<p>Mais do que m\u00fasica e dan\u00e7a, o evento refor\u00e7ou o compromisso da cidade com a preserva\u00e7\u00e3o das tradi\u00e7\u00f5es populares e o uso dos espa\u00e7os p\u00fablicos como ponto de encontro e conviv\u00eancia, reunindo fam\u00edlias, amigos e vizinhos em um ambiente de cultura e confraterniza\u00e7\u00e3o.<\/p>\n","protected":false},"excerpt":{"rendered":"<p>O Jardim Cai\u00e7ara foi palco de uma noite de festa e alegria no s\u00e1bado (9), durante o Arrai\u00e1 do Cai\u00e7ara, que encerrou a temporada de festas juninas promovida pela Prefeitura de Cabo Frio, por meio da Secretaria Municipal de Cultura. A programa\u00e7\u00e3o come\u00e7ou no embalo do Baile Charme comandado por Gabriel Gomes, que aqueceu o [&hellip;]<\/p>\n","protected":false},"author":2,"featured_media":22066,"comment_status":"open","ping_status":"open","sticky":true,"template":"","format":"standard","meta":{"footnotes":""},"categories":[340],"tags":[1896],"class_list":["post-22065","post","type-post","status-publish","format-standard","has-post-thumbnail","hentry","category-cabo-frio","tag-destaque"],"_links":{"self":[{"href":"https:\/\/blogdodanielgalvao.com.br\/site\/wp-json\/wp\/v2\/posts\/22065","targetHints":{"allow":["GET"]}}],"collection":[{"href":"https:\/\/blogdodanielgalvao.com.br\/site\/wp-json\/wp\/v2\/posts"}],"about":[{"href":"https:\/\/blogdodanielgalvao.com.br\/site\/wp-json\/wp\/v2\/types\/post"}],"author":[{"embeddable":true,"href":"https:\/\/blogdodanielgalvao.com.br\/site\/wp-json\/wp\/v2\/users\/2"}],"replies":[{"embeddable":true,"href":"https:\/\/blogdodanielgalvao.com.br\/site\/wp-json\/wp\/v2\/comments?post=22065"}],"version-history":[{"count":1,"href":"https:\/\/blogdodanielgalvao.com.br\/site\/wp-json\/wp\/v2\/posts\/22065\/revisions"}],"predecessor-version":[{"id":22067,"href":"https:\/\/blogdodanielgalvao.com.br\/site\/wp-json\/wp\/v2\/posts\/22065\/revisions\/22067"}],"wp:featuredmedia":[{"embeddable":true,"href":"https:\/\/blogdodanielgalvao.com.br\/site\/wp-json\/wp\/v2\/media\/22066"}],"wp:attachment":[{"href":"https:\/\/blogdodanielgalvao.com.br\/site\/wp-json\/wp\/v2\/media?parent=22065"}],"wp:term":[{"taxonomy":"category","embeddable":true,"href":"https:\/\/blogdodanielgalvao.com.br\/site\/wp-json\/wp\/v2\/categories?post=22065"},{"taxonomy":"post_tag","embeddable":true,"href":"https:\/\/blogdodanielgalvao.com.br\/site\/wp-json\/wp\/v2\/tags?post=22065"}],"curies":[{"name":"wp","href":"https:\/\/api.w.org\/{rel}","templated":true}]}}