{"id":22062,"date":"2025-08-11T13:11:48","date_gmt":"2025-08-11T16:11:48","guid":{"rendered":"https:\/\/blogdodanielgalvao.com.br\/site\/?p=22062"},"modified":"2025-08-11T13:11:48","modified_gmt":"2025-08-11T16:11:48","slug":"praia-das-palmeiras-em-cabo-frio-recebe-publico-e-atletas-no-ultimo-dia-do-festival-de-vela","status":"publish","type":"post","link":"https:\/\/blogdodanielgalvao.com.br\/site\/praia-das-palmeiras-em-cabo-frio-recebe-publico-e-atletas-no-ultimo-dia-do-festival-de-vela\/","title":{"rendered":"Praia das Palmeiras em Cabo Frio recebe p\u00fablico e atletas no \u00faltimo dia do Festival de Vela"},"content":{"rendered":"<p>O \u00faltimo dia do 1\u00ba Festival de Vela de Cabo Frio, realizado no domingo (10), foi marcado por regatas, vento favor\u00e1vel e programa\u00e7\u00e3o cultural na Praia das Palmeiras. As disputas come\u00e7aram pela manh\u00e3 e reuniram mais de 100 atletas, encerrando um fim de semana voltado ao esporte n\u00e1utico.<\/p>\n<p>Organizado pelo Conselho Municipal de Turismo, em parceria com a Secretaria de Esporte e Lazer e a CBVela (Confedera\u00e7\u00e3o Brasileira de Vela), o evento atraiu competidores e visitantes, que puderam acompanhar as provas de perto.<\/p>\n<p>As largadas tiveram in\u00edcio \u00e0s 11h, com percurso pr\u00f3ximo \u00e0 orla, garantindo boa visibilidade ao p\u00fablico. Segundo o coordenador e instrutor da CBVela, Tiago Sangineto, as condi\u00e7\u00f5es foram ideais: &#8220;O vento come\u00e7ou fraco, mas conseguimos realizar as regatas com velocidade m\u00e9dia de 8 a 10 n\u00f3s, mar com pouca ondula\u00e7\u00e3o e sem chuva&#8221;.<\/p>\n<p>Participaram das provas as classes Snipe, ILCA, Dingue, Optimist, R\u00e1dio Controle \u201cM\u201d, Bico de Proa, Windsurf Slalom, Funboard e Hobie Cat 14 e 16. A programa\u00e7\u00e3o tamb\u00e9m incluiu aulas gratuitas de vela, feira cultural, apresenta\u00e7\u00f5es musicais e op\u00e7\u00f5es gastron\u00f4micas, encerrando com a premia\u00e7\u00e3o \u00e0s 15h30.<\/p>\n<p>&nbsp;<\/p>\n<p>Foto: Wislei\u00a0Rabello\/SECOM<\/p>\n","protected":false},"excerpt":{"rendered":"<p>O \u00faltimo dia do 1\u00ba Festival de Vela de Cabo Frio, realizado no domingo (10), foi marcado por regatas, vento favor\u00e1vel e programa\u00e7\u00e3o cultural na Praia das Palmeiras. As disputas come\u00e7aram pela manh\u00e3 e reuniram mais de 100 atletas, encerrando um fim de semana voltado ao esporte n\u00e1utico. Organizado pelo Conselho Municipal de Turismo, em [&hellip;]<\/p>\n","protected":false},"author":2,"featured_media":22063,"comment_status":"open","ping_status":"open","sticky":true,"template":"","format":"standard","meta":{"footnotes":""},"categories":[340],"tags":[1896],"class_list":["post-22062","post","type-post","status-publish","format-standard","has-post-thumbnail","hentry","category-cabo-frio","tag-destaque"],"_links":{"self":[{"href":"https:\/\/blogdodanielgalvao.com.br\/site\/wp-json\/wp\/v2\/posts\/22062","targetHints":{"allow":["GET"]}}],"collection":[{"href":"https:\/\/blogdodanielgalvao.com.br\/site\/wp-json\/wp\/v2\/posts"}],"about":[{"href":"https:\/\/blogdodanielgalvao.com.br\/site\/wp-json\/wp\/v2\/types\/post"}],"author":[{"embeddable":true,"href":"https:\/\/blogdodanielgalvao.com.br\/site\/wp-json\/wp\/v2\/users\/2"}],"replies":[{"embeddable":true,"href":"https:\/\/blogdodanielgalvao.com.br\/site\/wp-json\/wp\/v2\/comments?post=22062"}],"version-history":[{"count":1,"href":"https:\/\/blogdodanielgalvao.com.br\/site\/wp-json\/wp\/v2\/posts\/22062\/revisions"}],"predecessor-version":[{"id":22064,"href":"https:\/\/blogdodanielgalvao.com.br\/site\/wp-json\/wp\/v2\/posts\/22062\/revisions\/22064"}],"wp:featuredmedia":[{"embeddable":true,"href":"https:\/\/blogdodanielgalvao.com.br\/site\/wp-json\/wp\/v2\/media\/22063"}],"wp:attachment":[{"href":"https:\/\/blogdodanielgalvao.com.br\/site\/wp-json\/wp\/v2\/media?parent=22062"}],"wp:term":[{"taxonomy":"category","embeddable":true,"href":"https:\/\/blogdodanielgalvao.com.br\/site\/wp-json\/wp\/v2\/categories?post=22062"},{"taxonomy":"post_tag","embeddable":true,"href":"https:\/\/blogdodanielgalvao.com.br\/site\/wp-json\/wp\/v2\/tags?post=22062"}],"curies":[{"name":"wp","href":"https:\/\/api.w.org\/{rel}","templated":true}]}}