{"id":22059,"date":"2025-08-11T12:37:46","date_gmt":"2025-08-11T15:37:46","guid":{"rendered":"https:\/\/blogdodanielgalvao.com.br\/site\/?p=22059"},"modified":"2025-08-11T12:37:46","modified_gmt":"2025-08-11T15:37:46","slug":"rio-das-ostras-reforca-importancia-da-construcao-civil-no-desenvolvimento-do-municipio","status":"publish","type":"post","link":"https:\/\/blogdodanielgalvao.com.br\/site\/rio-das-ostras-reforca-importancia-da-construcao-civil-no-desenvolvimento-do-municipio\/","title":{"rendered":"Rio das Ostras refor\u00e7a import\u00e2ncia da constru\u00e7\u00e3o civil no desenvolvimento do munic\u00edpio"},"content":{"rendered":"<p>Terminou nesse fim de semana a Feira Construir 2025, realizada na Arena Plaza, ao lado do Shopping Plaza Rio das Ostras, que reuniu empres\u00e1rios, fornecedores, profissionais e estudantes do setor da constru\u00e7\u00e3o civil durante os 3 dias de evento.<\/p>\n<p>Um dos destaques da abertura da 2\u00aa edi\u00e7\u00e3o da feira, na \u00faltima quinta-feira, 7, o secret\u00e1rio de Desenvolvimento Econ\u00f4mico e Turismo de Rio das Ostras, Rodrigo Peleteiro (DC), refor\u00e7ou a import\u00e2ncia do setor para o munic\u00edpio.<\/p>\n<p>\u201cApoiar iniciativas como a Feira Construir \u00e9 fortalecer a credibilidade de um setor fundamental para a gera\u00e7\u00e3o de emprego, renda e oportunidades em Rio das Ostras. Este setor volta a ganhar muita for\u00e7a\u201d, afirmou Rodrigo Peleteiro.<\/p>\n<p>De acordo com n\u00fameros da plataforma Retratos Regionais, da Federa\u00e7\u00e3o das Ind\u00fastrias do Estado do Rio (Firjan), o setor da constru\u00e7\u00e3o civil foi o 2\u00ba mais gerou empregos em todo o territ\u00f3rio fluminense entre janeiro e junho de 2025, com saldo positivo de mais de 11 mil novos postos de trabalho com carteira assinada.<\/p>\n<p>Segundo a prefeitura, uma das apoiadoras do evento, o objetivo da participa\u00e7\u00e3o do munic\u00edpio na Feira Construir 2025 \u00e9 fortalecer a economia local e aproximar o poder p\u00fablico de profissionais e empresas da \u00e1rea.<\/p>\n<p>O evento reuniu profissionais e estudantes das \u00e1reas de obras, reformas, engenharia, arquitetura, contando com palestras t\u00e9cnicas, pain\u00e9is tem\u00e1ticos e \u201ctalkshows\u201d em 2 audit\u00f3rios, de forma gratuita e voltada para qualifica\u00e7\u00e3o profissional, voltados para per\u00edcia t\u00e9cnica e autoconstru\u00e7\u00e3o.<\/p>\n<p>Al\u00e9m disso, a feira realizada pela Associa\u00e7\u00e3o de Arquitetos e Engenheiros de Rio das Ostras (AERO) oferecia uma \u00e1rea gourmet e apresenta\u00e7\u00f5es culturais, incluindo bandas e cantores locais, al\u00e9m de uma etapa do Festival de Novos Talentos.<\/p>\n<p>Tamb\u00e9m participaram da mesa de abertura os presidentes do Conselho Regional de Engenharia e Agronomia do Estado do Rio (Crea-RJ), Miguel Fern\u00e1ndez; e do Conselho de Arquitetura e Urbanismo do Estado do Rio (CAU\/RJ), Sydnei Menezes; al\u00e9m do diretor Jamerson Freitas, da Caixa de Assist\u00eancia aos Profissionais do Crea (M\u00fatua-RJ); e do CEO do Bairro Harmonia, o empres\u00e1rio Rafael Bousquet, que representou o setor privado.<\/p>\n","protected":false},"excerpt":{"rendered":"<p>Terminou nesse fim de semana a Feira Construir 2025, realizada na Arena Plaza, ao lado do Shopping Plaza Rio das Ostras, que reuniu empres\u00e1rios, fornecedores, profissionais e estudantes do setor da constru\u00e7\u00e3o civil durante os 3 dias de evento. Um dos destaques da abertura da 2\u00aa edi\u00e7\u00e3o da feira, na \u00faltima quinta-feira, 7, o secret\u00e1rio [&hellip;]<\/p>\n","protected":false},"author":2,"featured_media":22060,"comment_status":"open","ping_status":"open","sticky":true,"template":"","format":"standard","meta":{"footnotes":""},"categories":[4],"tags":[],"class_list":["post-22059","post","type-post","status-publish","format-standard","has-post-thumbnail","hentry","category-rio-das-ostras"],"_links":{"self":[{"href":"https:\/\/blogdodanielgalvao.com.br\/site\/wp-json\/wp\/v2\/posts\/22059","targetHints":{"allow":["GET"]}}],"collection":[{"href":"https:\/\/blogdodanielgalvao.com.br\/site\/wp-json\/wp\/v2\/posts"}],"about":[{"href":"https:\/\/blogdodanielgalvao.com.br\/site\/wp-json\/wp\/v2\/types\/post"}],"author":[{"embeddable":true,"href":"https:\/\/blogdodanielgalvao.com.br\/site\/wp-json\/wp\/v2\/users\/2"}],"replies":[{"embeddable":true,"href":"https:\/\/blogdodanielgalvao.com.br\/site\/wp-json\/wp\/v2\/comments?post=22059"}],"version-history":[{"count":1,"href":"https:\/\/blogdodanielgalvao.com.br\/site\/wp-json\/wp\/v2\/posts\/22059\/revisions"}],"predecessor-version":[{"id":22061,"href":"https:\/\/blogdodanielgalvao.com.br\/site\/wp-json\/wp\/v2\/posts\/22059\/revisions\/22061"}],"wp:featuredmedia":[{"embeddable":true,"href":"https:\/\/blogdodanielgalvao.com.br\/site\/wp-json\/wp\/v2\/media\/22060"}],"wp:attachment":[{"href":"https:\/\/blogdodanielgalvao.com.br\/site\/wp-json\/wp\/v2\/media?parent=22059"}],"wp:term":[{"taxonomy":"category","embeddable":true,"href":"https:\/\/blogdodanielgalvao.com.br\/site\/wp-json\/wp\/v2\/categories?post=22059"},{"taxonomy":"post_tag","embeddable":true,"href":"https:\/\/blogdodanielgalvao.com.br\/site\/wp-json\/wp\/v2\/tags?post=22059"}],"curies":[{"name":"wp","href":"https:\/\/api.w.org\/{rel}","templated":true}]}}