{"id":22056,"date":"2025-08-11T11:46:14","date_gmt":"2025-08-11T14:46:14","guid":{"rendered":"https:\/\/blogdodanielgalvao.com.br\/site\/?p=22056"},"modified":"2025-08-11T11:46:14","modified_gmt":"2025-08-11T14:46:14","slug":"seminario-em-macae-impulsiona-novas-oportunidades-para-a-regiao-norte-fluminense","status":"publish","type":"post","link":"https:\/\/blogdodanielgalvao.com.br\/site\/seminario-em-macae-impulsiona-novas-oportunidades-para-a-regiao-norte-fluminense\/","title":{"rendered":"Semin\u00e1rio em Maca\u00e9 impulsiona novas oportunidades para a regi\u00e3o Norte Fluminense"},"content":{"rendered":"<p>Autoridades de Maca\u00e9 e regi\u00e3o estar\u00e3o reunidas nesta ter\u00e7a-feira (12) para a realiza\u00e7\u00e3o do Semin\u00e1rio de Oportunidades e A\u00e7\u00f5es pelo Desenvolvimento do Norte Fluminense (SOMA). O evento ser\u00e1 realizado das 13h \u00e0s 18h30, no Royal Palace Hotel, em Maca\u00e9. Um dos principais objetivos do encontro \u00e9 fortalecer os la\u00e7os de coopera\u00e7\u00e3o regional.<\/p>\n<p>O semin\u00e1rio ir\u00e1 reunir prefeitos, especialistas, empreendedores, educadores, t\u00e9cnicos e representantes da sociedade civil dos nove munic\u00edpios da regi\u00e3o. O evento \u00e9 promovido pelo L\u00edder Norte Fluminense e contar\u00e1 com apoio da Prefeitura de Maca\u00e9 e o Sebrae-RJ.<\/p>\n<p>O SOMA ir\u00e1 tamb\u00e9m debater solu\u00e7\u00f5es conjuntas com foco na constru\u00e7\u00e3o de uma agenda integrada de desenvolvimento sustent\u00e1vel. O semin\u00e1rio pretende ainda destacar a import\u00e2ncia da governan\u00e7a compartilhada como instrumento estrat\u00e9gico para a transforma\u00e7\u00e3o territorial, valorizando as voca\u00e7\u00f5es locais e promovendo sinergias entre os entes municipais.<\/p>\n<p>Como parte da programa\u00e7\u00e3o, o evento contar\u00e1 com a palestra \u201cConstruindo Futuros: Governan\u00e7a e Desenvolvimento Territorial\u201d. Ela ser\u00e1 conduzida por especialistas de renome nacional. O professor e futurista Kim Trieweiler, da ESPM\/SP e TEDx speaker, abordar\u00e1 estrat\u00e9gias para estimular inova\u00e7\u00e3o, intelig\u00eancia coletiva e coes\u00e3o regional. E o especialista em Data Analytics &amp; Growth, Emidio Teixeira, apresentar\u00e1 casos pr\u00e1ticos de uso de dados como suporte \u00e0 gest\u00e3o p\u00fablica eficiente e orientada por resultados.<\/p>\n<p>O evento ir\u00e1 contar tamb\u00e9m com mesa redonda institucional, reunindo lideran\u00e7as municipais, t\u00e9cnicas e acad\u00eamicas para discutir os avan\u00e7os e desafios da integra\u00e7\u00e3o territorial no Norte Fluminense. Entre os temas est\u00e3o o fortalecimento das Inst\u00e2ncias de Governan\u00e7a Regionais, as oportunidades ligadas \u00e0 agricultura, turismo, agroind\u00fastria, Economia do Mar, gest\u00e3o h\u00eddrica, inova\u00e7\u00e3o, mobilidade e infraestrutura log\u00edstica.<\/p>\n<p>O L\u00edder Norte Fluminense \u00e9 um grupo de articula\u00e7\u00e3o entre o setor p\u00fablico, o setor produtivo e a sociedade civil. Criado com base na metodologia do Sebrae\/RJ, o grupo atua de forma apartid\u00e1ria e colaborativa, conectando agentes locais em torno de projetos estruturantes voltados ao desenvolvimento sustent\u00e1vel.<\/p>\n<p>Para Flavi\u00e1 Picon, coordenadora executiva do evento, o SOMA simboliza uma nova fase na atua\u00e7\u00e3o regional. &#8220;Com a presen\u00e7a confirmada de autoridades estaduais e federais, o evento refor\u00e7ar\u00e1 o protagonismo do Norte Fluminense na constru\u00e7\u00e3o de pol\u00edticas p\u00fablicas inovadoras, sustent\u00e1veis e com impacto econ\u00f4mico positivo, colocando o territ\u00f3rio no centro das decis\u00f5es estrat\u00e9gicas para o seu pr\u00f3prio desenvolvimento&#8221;, afirmou.<\/p>\n<p>As inscri\u00e7\u00f5es para participar do evento est\u00e3o sendo realizadas por meio de um link dispon\u00edvel no site da Prefeitura de Maca\u00e9.<\/p>\n","protected":false},"excerpt":{"rendered":"<p>Autoridades de Maca\u00e9 e regi\u00e3o estar\u00e3o reunidas nesta ter\u00e7a-feira (12) para a realiza\u00e7\u00e3o do Semin\u00e1rio de Oportunidades e A\u00e7\u00f5es pelo Desenvolvimento do Norte Fluminense (SOMA). O evento ser\u00e1 realizado das 13h \u00e0s 18h30, no Royal Palace Hotel, em Maca\u00e9. Um dos principais objetivos do encontro \u00e9 fortalecer os la\u00e7os de coopera\u00e7\u00e3o regional. O semin\u00e1rio ir\u00e1 [&hellip;]<\/p>\n","protected":false},"author":2,"featured_media":22057,"comment_status":"open","ping_status":"open","sticky":true,"template":"","format":"standard","meta":{"footnotes":""},"categories":[2],"tags":[],"class_list":["post-22056","post","type-post","status-publish","format-standard","has-post-thumbnail","hentry","category-macae"],"_links":{"self":[{"href":"https:\/\/blogdodanielgalvao.com.br\/site\/wp-json\/wp\/v2\/posts\/22056","targetHints":{"allow":["GET"]}}],"collection":[{"href":"https:\/\/blogdodanielgalvao.com.br\/site\/wp-json\/wp\/v2\/posts"}],"about":[{"href":"https:\/\/blogdodanielgalvao.com.br\/site\/wp-json\/wp\/v2\/types\/post"}],"author":[{"embeddable":true,"href":"https:\/\/blogdodanielgalvao.com.br\/site\/wp-json\/wp\/v2\/users\/2"}],"replies":[{"embeddable":true,"href":"https:\/\/blogdodanielgalvao.com.br\/site\/wp-json\/wp\/v2\/comments?post=22056"}],"version-history":[{"count":1,"href":"https:\/\/blogdodanielgalvao.com.br\/site\/wp-json\/wp\/v2\/posts\/22056\/revisions"}],"predecessor-version":[{"id":22058,"href":"https:\/\/blogdodanielgalvao.com.br\/site\/wp-json\/wp\/v2\/posts\/22056\/revisions\/22058"}],"wp:featuredmedia":[{"embeddable":true,"href":"https:\/\/blogdodanielgalvao.com.br\/site\/wp-json\/wp\/v2\/media\/22057"}],"wp:attachment":[{"href":"https:\/\/blogdodanielgalvao.com.br\/site\/wp-json\/wp\/v2\/media?parent=22056"}],"wp:term":[{"taxonomy":"category","embeddable":true,"href":"https:\/\/blogdodanielgalvao.com.br\/site\/wp-json\/wp\/v2\/categories?post=22056"},{"taxonomy":"post_tag","embeddable":true,"href":"https:\/\/blogdodanielgalvao.com.br\/site\/wp-json\/wp\/v2\/tags?post=22056"}],"curies":[{"name":"wp","href":"https:\/\/api.w.org\/{rel}","templated":true}]}}