{"id":22031,"date":"2025-08-10T08:00:10","date_gmt":"2025-08-10T11:00:10","guid":{"rendered":"https:\/\/blogdodanielgalvao.com.br\/site\/?p=22031"},"modified":"2025-08-09T11:25:00","modified_gmt":"2025-08-09T14:25:00","slug":"prazo-final-para-cadastro-no-transporte-escolar-gratuito-em-cabo-frio-se-aproxima","status":"publish","type":"post","link":"https:\/\/blogdodanielgalvao.com.br\/site\/prazo-final-para-cadastro-no-transporte-escolar-gratuito-em-cabo-frio-se-aproxima\/","title":{"rendered":"Prazo final para cadastro no transporte escolar gratuito em Cabo Frio se aproxima"},"content":{"rendered":"<p>A Secretaria Municipal de Educa\u00e7\u00e3o de Cabo Frio informa que o prazo para que os respons\u00e1veis manifestem interesse no transporte escolar gratuito da rede p\u00fablica municipal termina no dia 31 de agosto. O cadastro deve ser realizado exclusivamente pelo Portal da Educa\u00e7\u00e3o no site oficial da Prefeitura.<\/p>\n<p>O benef\u00edcio \u00e9 direcionado a estudantes que atendam aos seguintes crit\u00e9rios: residir em Cabo Frio, morar em \u00e1rea rural ou em localidade sem transporte p\u00fablico dispon\u00edvel, e frequentar uma escola localizada a 1,5 km ou mais de dist\u00e2ncia da resid\u00eancia.<\/p>\n<p>Vale lembrar que a partir do dia 8 de setembro, somente os alunos com cadastro aprovado ter\u00e3o direito \u00e0 gratuidade no transporte escolar.<\/p>\n<p>A iniciativa visa assegurar o acesso e a perman\u00eancia dos estudantes nas escolas, principalmente daqueles que vivem em regi\u00f5es mais afastadas.<\/p>\n<p>A an\u00e1lise dos pedidos seguir\u00e1 os crit\u00e9rios da Resolu\u00e7\u00e3o n\u00ba 003\/2025, que tamb\u00e9m prioriza alunos com defici\u00eancia, desde que apresentem laudo m\u00e9dico comprobat\u00f3rio.<\/p>\n<p>\u00c9 obrigat\u00f3rio que os interessados fa\u00e7am o cadastro, embora isso n\u00e3o garanta automaticamente o benef\u00edcio, sendo fundamental para o planejamento e organiza\u00e7\u00e3o do servi\u00e7o de transporte escolar\u00a0no\u00a0munic\u00edpio.<\/p>\n","protected":false},"excerpt":{"rendered":"<p>A Secretaria Municipal de Educa\u00e7\u00e3o de Cabo Frio informa que o prazo para que os respons\u00e1veis manifestem interesse no transporte escolar gratuito da rede p\u00fablica municipal termina no dia 31 de agosto. O cadastro deve ser realizado exclusivamente pelo Portal da Educa\u00e7\u00e3o no site oficial da Prefeitura. O benef\u00edcio \u00e9 direcionado a estudantes que atendam [&hellip;]<\/p>\n","protected":false},"author":2,"featured_media":22032,"comment_status":"open","ping_status":"open","sticky":true,"template":"","format":"standard","meta":{"footnotes":""},"categories":[340],"tags":[1896],"class_list":["post-22031","post","type-post","status-publish","format-standard","has-post-thumbnail","hentry","category-cabo-frio","tag-destaque"],"_links":{"self":[{"href":"https:\/\/blogdodanielgalvao.com.br\/site\/wp-json\/wp\/v2\/posts\/22031","targetHints":{"allow":["GET"]}}],"collection":[{"href":"https:\/\/blogdodanielgalvao.com.br\/site\/wp-json\/wp\/v2\/posts"}],"about":[{"href":"https:\/\/blogdodanielgalvao.com.br\/site\/wp-json\/wp\/v2\/types\/post"}],"author":[{"embeddable":true,"href":"https:\/\/blogdodanielgalvao.com.br\/site\/wp-json\/wp\/v2\/users\/2"}],"replies":[{"embeddable":true,"href":"https:\/\/blogdodanielgalvao.com.br\/site\/wp-json\/wp\/v2\/comments?post=22031"}],"version-history":[{"count":1,"href":"https:\/\/blogdodanielgalvao.com.br\/site\/wp-json\/wp\/v2\/posts\/22031\/revisions"}],"predecessor-version":[{"id":22033,"href":"https:\/\/blogdodanielgalvao.com.br\/site\/wp-json\/wp\/v2\/posts\/22031\/revisions\/22033"}],"wp:featuredmedia":[{"embeddable":true,"href":"https:\/\/blogdodanielgalvao.com.br\/site\/wp-json\/wp\/v2\/media\/22032"}],"wp:attachment":[{"href":"https:\/\/blogdodanielgalvao.com.br\/site\/wp-json\/wp\/v2\/media?parent=22031"}],"wp:term":[{"taxonomy":"category","embeddable":true,"href":"https:\/\/blogdodanielgalvao.com.br\/site\/wp-json\/wp\/v2\/categories?post=22031"},{"taxonomy":"post_tag","embeddable":true,"href":"https:\/\/blogdodanielgalvao.com.br\/site\/wp-json\/wp\/v2\/tags?post=22031"}],"curies":[{"name":"wp","href":"https:\/\/api.w.org\/{rel}","templated":true}]}}