{"id":22018,"date":"2025-08-08T12:18:28","date_gmt":"2025-08-08T15:18:28","guid":{"rendered":"https:\/\/blogdodanielgalvao.com.br\/site\/?p=22018"},"modified":"2025-08-08T22:27:30","modified_gmt":"2025-08-09T01:27:30","slug":"prisao-por-porte-ilegal-de-arma-e-registrada-em-campos","status":"publish","type":"post","link":"https:\/\/blogdodanielgalvao.com.br\/site\/prisao-por-porte-ilegal-de-arma-e-registrada-em-campos\/","title":{"rendered":"Pris\u00e3o por porte ilegal de arma \u00e9 registrada em Campos"},"content":{"rendered":"<p>Um homem foi preso na manh\u00e3 desta sexta-feira (8) em Campos por porte ilegal de arma de fogo. O caso aconteceu na Avenida Jos\u00e9 Alves de Azevedo, nas proximidades da empresa \u00c1guas do Para\u00edba, no Centro.<\/p>\n<p>A opera\u00e7\u00e3o teve in\u00edcio ap\u00f3s uma pessoa abordar a pol\u00edcia na Rodovi\u00e1ria Roberto Silveira. Na ocasi\u00e3o, ela informou que um homem vestido com camisa amarela teria declarado estar armado e tinha inten\u00e7\u00e3o de cometer suic\u00eddio no distrito de Travess\u00e3o.<\/p>\n<p>Ainda segundo a mulher, o suspeito seguia em dire\u00e7\u00e3o ao Mercado Municipal. A pol\u00edcia ent\u00e3o foi at\u00e9 o local e conseguiu encontrar um homem com as mesmas caracter\u00edsticas. Na abordagem, os agentes encontraram uma pistola calibre 6.35 com quatro cartuchos inteiros.<\/p>\n<p>O homem ent\u00e3o foi encaminhado para a 134\u00aa DP, onde foi autuado e preso. Ele agora permanece \u00e0 disposi\u00e7\u00e3o da Justi\u00e7a.<\/p>\n","protected":false},"excerpt":{"rendered":"<p>Um homem foi preso na manh\u00e3 desta sexta-feira (8) em Campos por porte ilegal de arma de fogo. O caso aconteceu na Avenida Jos\u00e9 Alves de Azevedo, nas proximidades da empresa \u00c1guas do Para\u00edba, no Centro. A opera\u00e7\u00e3o teve in\u00edcio ap\u00f3s uma pessoa abordar a pol\u00edcia na Rodovi\u00e1ria Roberto Silveira. Na ocasi\u00e3o, ela informou que [&hellip;]<\/p>\n","protected":false},"author":2,"featured_media":22019,"comment_status":"open","ping_status":"open","sticky":true,"template":"","format":"standard","meta":{"footnotes":""},"categories":[1899],"tags":[],"class_list":["post-22018","post","type-post","status-publish","format-standard","has-post-thumbnail","hentry","category-policia"],"_links":{"self":[{"href":"https:\/\/blogdodanielgalvao.com.br\/site\/wp-json\/wp\/v2\/posts\/22018","targetHints":{"allow":["GET"]}}],"collection":[{"href":"https:\/\/blogdodanielgalvao.com.br\/site\/wp-json\/wp\/v2\/posts"}],"about":[{"href":"https:\/\/blogdodanielgalvao.com.br\/site\/wp-json\/wp\/v2\/types\/post"}],"author":[{"embeddable":true,"href":"https:\/\/blogdodanielgalvao.com.br\/site\/wp-json\/wp\/v2\/users\/2"}],"replies":[{"embeddable":true,"href":"https:\/\/blogdodanielgalvao.com.br\/site\/wp-json\/wp\/v2\/comments?post=22018"}],"version-history":[{"count":1,"href":"https:\/\/blogdodanielgalvao.com.br\/site\/wp-json\/wp\/v2\/posts\/22018\/revisions"}],"predecessor-version":[{"id":22020,"href":"https:\/\/blogdodanielgalvao.com.br\/site\/wp-json\/wp\/v2\/posts\/22018\/revisions\/22020"}],"wp:featuredmedia":[{"embeddable":true,"href":"https:\/\/blogdodanielgalvao.com.br\/site\/wp-json\/wp\/v2\/media\/22019"}],"wp:attachment":[{"href":"https:\/\/blogdodanielgalvao.com.br\/site\/wp-json\/wp\/v2\/media?parent=22018"}],"wp:term":[{"taxonomy":"category","embeddable":true,"href":"https:\/\/blogdodanielgalvao.com.br\/site\/wp-json\/wp\/v2\/categories?post=22018"},{"taxonomy":"post_tag","embeddable":true,"href":"https:\/\/blogdodanielgalvao.com.br\/site\/wp-json\/wp\/v2\/tags?post=22018"}],"curies":[{"name":"wp","href":"https:\/\/api.w.org\/{rel}","templated":true}]}}