{"id":22014,"date":"2025-08-10T08:00:13","date_gmt":"2025-08-10T11:00:13","guid":{"rendered":"https:\/\/blogdodanielgalvao.com.br\/site\/?p=22014"},"modified":"2025-08-08T22:10:32","modified_gmt":"2025-08-09T01:10:32","slug":"rio-das-ostras-discute-desafios-climaticos-da-cidade-em-forum-nessa-segunda-11","status":"publish","type":"post","link":"https:\/\/blogdodanielgalvao.com.br\/site\/rio-das-ostras-discute-desafios-climaticos-da-cidade-em-forum-nessa-segunda-11\/","title":{"rendered":"Rio das Ostras discute desafios clim\u00e1ticos da cidade em f\u00f3rum nessa segunda (11)"},"content":{"rendered":"<p>Localizado na Avenida das Flores, 394, no bairro Praia \u00c2ncora, o Centro Cultural de Educa\u00e7\u00e3o Popular de Rio das Ostras (CEPRO) recebe, nessa segunda-feira, 11, \u00e0s 18h30, o F\u00f3rum Popular de Justi\u00e7a Ambiental e Clim\u00e1tica.<\/p>\n<p>Aberto para moradores, representantes de movimentos sociais e especialistas, o evento pretende debater os principais desafios ambientais e clim\u00e1ticos da regi\u00e3o, com foco em justi\u00e7a social, seguran\u00e7a h\u00eddrica e desenvolvimento econ\u00f4mico sustent\u00e1vel.<\/p>\n<p>Comemorando seu 1\u00ba ano de atua\u00e7\u00e3o, o F\u00f3rum foi criado visando o fortalecimento da mobiliza\u00e7\u00e3o popular e do controle social em torno de temas como polui\u00e7\u00e3o, saneamento b\u00e1sico, impactos de grandes empreendimentos e mudan\u00e7as no uso do solo.<\/p>\n<p>Nessa segunda, a plen\u00e1ria reunir\u00e1 propostas e relatos sobre os efeitos do aquecimento global, as desigualdades sociais agravadas pelas mudan\u00e7as clim\u00e1ticas e a import\u00e2ncia da valoriza\u00e7\u00e3o da agricultura como ferramenta de seguran\u00e7a alimentar.<\/p>\n<p>\u201cComemorar 1 ano do F\u00f3rum \u00e9 reafirmar o compromisso da sociedade civil com um modelo de desenvolvimento que priorize a vida, o meio ambiente e a justi\u00e7a social. O CEPRO tem orgulho de ser esse espa\u00e7o de articula\u00e7\u00e3o e escuta coletiva, onde as vozes da comunidade s\u00e3o protagonistas na constru\u00e7\u00e3o de solu\u00e7\u00f5es sustent\u00e1veis\u201d, afirmou a presidente do CEPRO, Guilhermina Rocha.<\/p>\n<p>O encontro promete discutir ainda as estrat\u00e9gias de adapta\u00e7\u00e3o e enfrentamento \u00e0s mudan\u00e7as clim\u00e1ticas da cidade, os impactos socioambientais sobre os mais vulner\u00e1veis e alternativas para um modelo de desenvolvimento econ\u00f4mico que respeite os limites ecol\u00f3gicos da regi\u00e3o.<\/p>\n<p>\u201cEssa plen\u00e1ria \u00e9 estrat\u00e9gica para ampliarmos o debate sobre como as mudan\u00e7as clim\u00e1ticas impactam diretamente a vida das popula\u00e7\u00f5es mais vulner\u00e1veis. Queremos construir caminhos que garantam justi\u00e7a ambiental com participa\u00e7\u00e3o popular e a\u00e7\u00f5es concretas em pol\u00edticas p\u00fablicas\u201d, refor\u00e7ou a coordenadora do F\u00f3rum, Brenda Iolanda.<\/p>\n","protected":false},"excerpt":{"rendered":"<p>Localizado na Avenida das Flores, 394, no bairro Praia \u00c2ncora, o Centro Cultural de Educa\u00e7\u00e3o Popular de Rio das Ostras (CEPRO) recebe, nessa segunda-feira, 11, \u00e0s 18h30, o F\u00f3rum Popular de Justi\u00e7a Ambiental e Clim\u00e1tica. Aberto para moradores, representantes de movimentos sociais e especialistas, o evento pretende debater os principais desafios ambientais e clim\u00e1ticos da [&hellip;]<\/p>\n","protected":false},"author":2,"featured_media":22015,"comment_status":"open","ping_status":"open","sticky":true,"template":"","format":"standard","meta":{"footnotes":""},"categories":[1466],"tags":[],"class_list":["post-22014","post","type-post","status-publish","format-standard","has-post-thumbnail","hentry","category-meio-ambiente"],"_links":{"self":[{"href":"https:\/\/blogdodanielgalvao.com.br\/site\/wp-json\/wp\/v2\/posts\/22014","targetHints":{"allow":["GET"]}}],"collection":[{"href":"https:\/\/blogdodanielgalvao.com.br\/site\/wp-json\/wp\/v2\/posts"}],"about":[{"href":"https:\/\/blogdodanielgalvao.com.br\/site\/wp-json\/wp\/v2\/types\/post"}],"author":[{"embeddable":true,"href":"https:\/\/blogdodanielgalvao.com.br\/site\/wp-json\/wp\/v2\/users\/2"}],"replies":[{"embeddable":true,"href":"https:\/\/blogdodanielgalvao.com.br\/site\/wp-json\/wp\/v2\/comments?post=22014"}],"version-history":[{"count":1,"href":"https:\/\/blogdodanielgalvao.com.br\/site\/wp-json\/wp\/v2\/posts\/22014\/revisions"}],"predecessor-version":[{"id":22016,"href":"https:\/\/blogdodanielgalvao.com.br\/site\/wp-json\/wp\/v2\/posts\/22014\/revisions\/22016"}],"wp:featuredmedia":[{"embeddable":true,"href":"https:\/\/blogdodanielgalvao.com.br\/site\/wp-json\/wp\/v2\/media\/22015"}],"wp:attachment":[{"href":"https:\/\/blogdodanielgalvao.com.br\/site\/wp-json\/wp\/v2\/media?parent=22014"}],"wp:term":[{"taxonomy":"category","embeddable":true,"href":"https:\/\/blogdodanielgalvao.com.br\/site\/wp-json\/wp\/v2\/categories?post=22014"},{"taxonomy":"post_tag","embeddable":true,"href":"https:\/\/blogdodanielgalvao.com.br\/site\/wp-json\/wp\/v2\/tags?post=22014"}],"curies":[{"name":"wp","href":"https:\/\/api.w.org\/{rel}","templated":true}]}}