{"id":22011,"date":"2025-08-09T08:00:33","date_gmt":"2025-08-09T11:00:33","guid":{"rendered":"https:\/\/blogdodanielgalvao.com.br\/site\/?p=22011"},"modified":"2025-08-08T21:53:13","modified_gmt":"2025-08-09T00:53:13","slug":"campanha-do-agosto-lilas-segue-com-programacao-intensa-em-rio-das-ostras","status":"publish","type":"post","link":"https:\/\/blogdodanielgalvao.com.br\/site\/campanha-do-agosto-lilas-segue-com-programacao-intensa-em-rio-das-ostras\/","title":{"rendered":"Campanha do Agosto Lil\u00e1s segue com programa\u00e7\u00e3o intensa em Rio das Ostras"},"content":{"rendered":"<p>Divulgada nessa semana, a programa\u00e7\u00e3o da campanha nacional do Agosto Lil\u00e1s em Rio das Ostras segue com diversas atividades durante todo esse m\u00eas de agosto, refor\u00e7ando a import\u00e2ncia do combate \u00e0 viol\u00eancia contra a mulher.<\/p>\n<p>As a\u00e7\u00f5es s\u00e3o fruto de uma parceria entre as secretarias de Seguran\u00e7a P\u00fablica, e de Assist\u00eancia Social, por meio, respectivamente, da Patrulha Maria da Penha e do Centro Especializado de Atendimento \u00e0 Mulher (Ceam).<\/p>\n<p>De acordo com o munic\u00edpio, a programa\u00e7\u00e3o do Agosto Lil\u00e1s tem o objetivo de intensificar a divulga\u00e7\u00e3o da Lei Maria da Penha, promulgada pelo presidente Lula (PT-SP), em 7 de agosto de 2006, e de sensibilizar e conscientizar a sociedade sobre o necess\u00e1rio fim da viol\u00eancia contra a mulher.<\/p>\n<p>Iniciada na \u00faltima quarta-feira, 6, celebrando os 19 anos da Lei Maria da Penha, a programa\u00e7\u00e3o volta com atividades nessa segunda-feira, 11, que segue at\u00e9 o pr\u00f3ximo dia 28 de agosto, com uma s\u00e9rie de palestras sobre o tema.<\/p>\n<p>Segundo o secret\u00e1rio de Seguran\u00e7a P\u00fablica, Carlos Menegasi, as a\u00e7\u00f5es fazem parte de um trabalho que tem sido realizado visando a melhoria da capacita\u00e7\u00e3o dos guardas municipais e servidores da pasta no acolhimento \u00e0s mulheres v\u00edtimas de viol\u00eancia.<\/p>\n<p>\u201cA nossa Guarda enfrenta desafios di\u00e1rios para atender \u00e0 popula\u00e7\u00e3o. Essa semana de palestras \u00e9 mais uma a\u00e7\u00e3o que prepara e municia os nossos agentes para a atua\u00e7\u00e3o mais efetiva em Rio das Ostras\u201d, afirmou Carlos Menegasi.<\/p>\n<p>Al\u00e9m de ajudar na prepara\u00e7\u00e3o de guardas municipais e servidores da Secretaria de Seguran\u00e7a P\u00fablica, a programa\u00e7\u00e3o conta com uma palestra aberta ao p\u00fablico, que acontece na pr\u00f3xima sexta-feira, 15, na C\u00e2mara Municipal, das 9h \u00e0s 11h.<\/p>\n<p>Para conferir a programa\u00e7\u00e3o completa do Agosto Lil\u00e1s em Rio das Ostras, que tamb\u00e9m conta com palestras de conscientiza\u00e7\u00e3o da popula\u00e7\u00e3o em diversos bairros da cidade, basta acessar o site ou as redes sociais do munic\u00edpio.<\/p>\n","protected":false},"excerpt":{"rendered":"<p>Divulgada nessa semana, a programa\u00e7\u00e3o da campanha nacional do Agosto Lil\u00e1s em Rio das Ostras segue com diversas atividades durante todo esse m\u00eas de agosto, refor\u00e7ando a import\u00e2ncia do combate \u00e0 viol\u00eancia contra a mulher. As a\u00e7\u00f5es s\u00e3o fruto de uma parceria entre as secretarias de Seguran\u00e7a P\u00fablica, e de Assist\u00eancia Social, por meio, respectivamente, [&hellip;]<\/p>\n","protected":false},"author":2,"featured_media":22012,"comment_status":"open","ping_status":"open","sticky":true,"template":"","format":"standard","meta":{"footnotes":""},"categories":[4],"tags":[],"class_list":["post-22011","post","type-post","status-publish","format-standard","has-post-thumbnail","hentry","category-rio-das-ostras"],"_links":{"self":[{"href":"https:\/\/blogdodanielgalvao.com.br\/site\/wp-json\/wp\/v2\/posts\/22011","targetHints":{"allow":["GET"]}}],"collection":[{"href":"https:\/\/blogdodanielgalvao.com.br\/site\/wp-json\/wp\/v2\/posts"}],"about":[{"href":"https:\/\/blogdodanielgalvao.com.br\/site\/wp-json\/wp\/v2\/types\/post"}],"author":[{"embeddable":true,"href":"https:\/\/blogdodanielgalvao.com.br\/site\/wp-json\/wp\/v2\/users\/2"}],"replies":[{"embeddable":true,"href":"https:\/\/blogdodanielgalvao.com.br\/site\/wp-json\/wp\/v2\/comments?post=22011"}],"version-history":[{"count":1,"href":"https:\/\/blogdodanielgalvao.com.br\/site\/wp-json\/wp\/v2\/posts\/22011\/revisions"}],"predecessor-version":[{"id":22013,"href":"https:\/\/blogdodanielgalvao.com.br\/site\/wp-json\/wp\/v2\/posts\/22011\/revisions\/22013"}],"wp:featuredmedia":[{"embeddable":true,"href":"https:\/\/blogdodanielgalvao.com.br\/site\/wp-json\/wp\/v2\/media\/22012"}],"wp:attachment":[{"href":"https:\/\/blogdodanielgalvao.com.br\/site\/wp-json\/wp\/v2\/media?parent=22011"}],"wp:term":[{"taxonomy":"category","embeddable":true,"href":"https:\/\/blogdodanielgalvao.com.br\/site\/wp-json\/wp\/v2\/categories?post=22011"},{"taxonomy":"post_tag","embeddable":true,"href":"https:\/\/blogdodanielgalvao.com.br\/site\/wp-json\/wp\/v2\/tags?post=22011"}],"curies":[{"name":"wp","href":"https:\/\/api.w.org\/{rel}","templated":true}]}}