{"id":22003,"date":"2025-08-08T19:18:04","date_gmt":"2025-08-08T22:18:04","guid":{"rendered":"https:\/\/blogdodanielgalvao.com.br\/site\/?p=22003"},"modified":"2025-08-08T19:18:04","modified_gmt":"2025-08-08T22:18:04","slug":"cantor-da-cidade-homenageia-ney-matogrosso-no-teatro-de-rio-das-ostras-nesse-sabado-9","status":"publish","type":"post","link":"https:\/\/blogdodanielgalvao.com.br\/site\/cantor-da-cidade-homenageia-ney-matogrosso-no-teatro-de-rio-das-ostras-nesse-sabado-9\/","title":{"rendered":"Cantor da cidade homenageia Ney Matogrosso no Teatro de Rio das Ostras nesse s\u00e1bado (9)"},"content":{"rendered":"<p>O cantor Ruan S\u00f3lis apresenta, na noite desse s\u00e1bado, 9, a partir das 20h, no Teatro Joel Barcellos, em Rio das Ostras, o espet\u00e1culo \u201cNey: O Sangue Latino\u201d, que homenageia o ic\u00f4nico cantor, ator, diretor, bailarino e produtor Ney Matogrosso.<\/p>\n<p>Com dire\u00e7\u00e3o do maestro Andr\u00e9 Morais, o show produzido pela Cia Acorde Maior, revisita a trajet\u00f3ria musical de um dos maiores nomes da M\u00fasica Popular Brasileira (MPB), prometendo releituras emocionantes do repert\u00f3rio de Ney Matogrosso.<\/p>\n<p>Para dar vida \u00e0 essa homenagem, o cantor Ruan S\u00f3lis incorpora no palco a for\u00e7a interpretativa do multiartista que liderou a banda Secos e Molhados, reconhecido em 2012, como a 3\u00aa maior voz da m\u00fasica brasileira, combinando fidelidade \u00e0 obra original com novas abordagens est\u00e9ticas e sonoras.<\/p>\n<p>De acordo com a produ\u00e7\u00e3o, o espet\u00e1culo prop\u00f5e uma imers\u00e3o na obra de Ney Matogrosso, celebrando temas como liberdade, corpo e express\u00e3o art\u00edstica, ressaltando sua contribui\u00e7\u00e3o \u00e0 m\u00fasica nacional por meio de uma experi\u00eancia c\u00eanica que une voz, imagem e emo\u00e7\u00e3o.<\/p>\n<p>O Teatro Joel Barcellos fica na Avenida Amazonas, s\/n, na Extens\u00e3o Novo Rio das Ostras, e o show tem classifica\u00e7\u00e3o livre e os ingressos comercializados pelo site, www.guicheweb.com.br\/neyosanguelatino, com pre\u00e7os de 50 reais (inteira) e 25 reais (meia).<\/p>\n","protected":false},"excerpt":{"rendered":"<p>O cantor Ruan S\u00f3lis apresenta, na noite desse s\u00e1bado, 9, a partir das 20h, no Teatro Joel Barcellos, em Rio das Ostras, o espet\u00e1culo \u201cNey: O Sangue Latino\u201d, que homenageia o ic\u00f4nico cantor, ator, diretor, bailarino e produtor Ney Matogrosso. Com dire\u00e7\u00e3o do maestro Andr\u00e9 Morais, o show produzido pela Cia Acorde Maior, revisita a [&hellip;]<\/p>\n","protected":false},"author":2,"featured_media":22004,"comment_status":"open","ping_status":"open","sticky":true,"template":"","format":"standard","meta":{"footnotes":""},"categories":[4],"tags":[],"class_list":["post-22003","post","type-post","status-publish","format-standard","has-post-thumbnail","hentry","category-rio-das-ostras"],"_links":{"self":[{"href":"https:\/\/blogdodanielgalvao.com.br\/site\/wp-json\/wp\/v2\/posts\/22003","targetHints":{"allow":["GET"]}}],"collection":[{"href":"https:\/\/blogdodanielgalvao.com.br\/site\/wp-json\/wp\/v2\/posts"}],"about":[{"href":"https:\/\/blogdodanielgalvao.com.br\/site\/wp-json\/wp\/v2\/types\/post"}],"author":[{"embeddable":true,"href":"https:\/\/blogdodanielgalvao.com.br\/site\/wp-json\/wp\/v2\/users\/2"}],"replies":[{"embeddable":true,"href":"https:\/\/blogdodanielgalvao.com.br\/site\/wp-json\/wp\/v2\/comments?post=22003"}],"version-history":[{"count":1,"href":"https:\/\/blogdodanielgalvao.com.br\/site\/wp-json\/wp\/v2\/posts\/22003\/revisions"}],"predecessor-version":[{"id":22005,"href":"https:\/\/blogdodanielgalvao.com.br\/site\/wp-json\/wp\/v2\/posts\/22003\/revisions\/22005"}],"wp:featuredmedia":[{"embeddable":true,"href":"https:\/\/blogdodanielgalvao.com.br\/site\/wp-json\/wp\/v2\/media\/22004"}],"wp:attachment":[{"href":"https:\/\/blogdodanielgalvao.com.br\/site\/wp-json\/wp\/v2\/media?parent=22003"}],"wp:term":[{"taxonomy":"category","embeddable":true,"href":"https:\/\/blogdodanielgalvao.com.br\/site\/wp-json\/wp\/v2\/categories?post=22003"},{"taxonomy":"post_tag","embeddable":true,"href":"https:\/\/blogdodanielgalvao.com.br\/site\/wp-json\/wp\/v2\/tags?post=22003"}],"curies":[{"name":"wp","href":"https:\/\/api.w.org\/{rel}","templated":true}]}}