{"id":21992,"date":"2025-08-08T16:58:14","date_gmt":"2025-08-08T19:58:14","guid":{"rendered":"https:\/\/blogdodanielgalvao.com.br\/site\/?p=21992"},"modified":"2025-08-08T16:58:14","modified_gmt":"2025-08-08T19:58:14","slug":"guarda-civil-de-cabo-frio-promove-cerimonia-de-graduacao-no-projeto-social-de-jiu-jitsu","status":"publish","type":"post","link":"https:\/\/blogdodanielgalvao.com.br\/site\/guarda-civil-de-cabo-frio-promove-cerimonia-de-graduacao-no-projeto-social-de-jiu-jitsu\/","title":{"rendered":"Guarda Civil de Cabo Frio promove cerim\u00f4nia de gradua\u00e7\u00e3o no projeto social de jiu-jitsu"},"content":{"rendered":"<p>Disciplina, respeito, autodefesa e uni\u00e3o. Esses s\u00e3o os pilares do projeto social de jiu-jitsu da Guarda Civil Municipal de Cabo Frio, que comemorou, na quinta-feira (7), uma data especial: a cerim\u00f4nia de gradua\u00e7\u00e3o dos alunos.<\/p>\n<p>A festa rolou no p\u00e1tio da corpora\u00e7\u00e3o, em S\u00e3o Crist\u00f3v\u00e3o, reunindo alunos, familiares e agentes da Guarda Civil. Estiveram presentes o secret\u00e1rio de Seguran\u00e7a e Ordem P\u00fablica, coronel Leandro Carvalho; o secret\u00e1rio adjunto de Licenciamento e Fiscaliza\u00e7\u00e3o, Vitor S\u00e1; o vereador Claudinho da Padaria; e o empres\u00e1rio Jorginho da QOnda.<\/p>\n<p>Cerca de 60 alunos participaram da cerim\u00f4nia. Dez deles receberam novas faixas, enquanto os demais conquistaram graus que simbolizam evolu\u00e7\u00e3o, esfor\u00e7o e supera\u00e7\u00e3o, tanto dentro quanto fora do tatame.<\/p>\n<p>O projeto vai al\u00e9m do treinamento f\u00edsico. Tamb\u00e9m acompanha de perto o desempenho escolar dos alunos, independentemente se estudam em escola p\u00fablica ou particular. \u201cMonitoramos notas e frequ\u00eancia para garantir que as crian\u00e7as estejam evoluindo em todos os sentidos. Cada faixa representa dedica\u00e7\u00e3o, persist\u00eancia e conquista, servindo de inspira\u00e7\u00e3o para todos\u201d, explicou o GCM Wander Moreira, um dos mestres do projeto. Os GCMs Renan Scarpelli, Luiz Claudio Dutra e Everton Santos tamb\u00e9m atuam como instrutores, sob coordena\u00e7\u00e3o do agente Douglas Ribeiro.<\/p>\n<p>Rafael Silva, aluno h\u00e1 seis meses, contou que antes passava horas em frente \u00e0s telas jogando videogame, o que causava dores na coluna e sedentarismo. \u201cO jiu-jitsu me tirou do sedentarismo e melhorou muito minha qualidade de vida\u201d, afirmou.<\/p>\n<p>Neste evento, tr\u00eas alunos se destacaram pelo desempenho escolar e receberam, al\u00e9m do certificado, um kimono de presente: Ryan, Breno e Kemelly. Um momento especial foi a retomada da faixa amarela por Ana Ester Rocha, que havia perdido a gradua\u00e7\u00e3o ap\u00f3s repetir de ano.<\/p>\n<p>Criado em 2015 por guardas civis para aprimorar t\u00e9cnicas de defesa pessoal, o projeto rapidamente virou um espa\u00e7o de acolhimento e aprendizado. Oficializado em 2017, hoje \u00e9 refer\u00eancia na cidade, com aulas gratuitas que fortalecem n\u00e3o s\u00f3 o corpo, mas tamb\u00e9m a cidadania e a cultura de paz.<\/p>\n<p>Durante a cerim\u00f4nia, o inspetor-geral da Guarda Civil, \u00c2ngelo Amaral, ressaltou o impacto social do projeto: \u201cIsso n\u00e3o \u00e9 s\u00f3 luta. \u00c9 formar cidad\u00e3os, resgatar valores e abrir portas. Ver o brilho nos olhos de crian\u00e7as e adultos mostra que estamos no caminho certo\u201d, afirmou o comandante.<\/p>\n<p>O secret\u00e1rio coronel Leandro Carvalho refor\u00e7ou que o jiu-jitsu vai al\u00e9m da luta: \u201cO esporte ensina a enfrentar desafios, controlar emo\u00e7\u00f5es e dar a volta por cima. Queremos que cada aluno leve daqui disciplina, qualidade de vida e, quem sabe, at\u00e9 uma carreira. Mas, acima de tudo, que carregue valores para a vida toda\u201d,\u00a0concluiu.<\/p>\n","protected":false},"excerpt":{"rendered":"<p>Disciplina, respeito, autodefesa e uni\u00e3o. Esses s\u00e3o os pilares do projeto social de jiu-jitsu da Guarda Civil Municipal de Cabo Frio, que comemorou, na quinta-feira (7), uma data especial: a cerim\u00f4nia de gradua\u00e7\u00e3o dos alunos. A festa rolou no p\u00e1tio da corpora\u00e7\u00e3o, em S\u00e3o Crist\u00f3v\u00e3o, reunindo alunos, familiares e agentes da Guarda Civil. Estiveram presentes [&hellip;]<\/p>\n","protected":false},"author":2,"featured_media":21993,"comment_status":"open","ping_status":"open","sticky":true,"template":"","format":"standard","meta":{"footnotes":""},"categories":[340],"tags":[1896],"class_list":["post-21992","post","type-post","status-publish","format-standard","has-post-thumbnail","hentry","category-cabo-frio","tag-destaque"],"_links":{"self":[{"href":"https:\/\/blogdodanielgalvao.com.br\/site\/wp-json\/wp\/v2\/posts\/21992","targetHints":{"allow":["GET"]}}],"collection":[{"href":"https:\/\/blogdodanielgalvao.com.br\/site\/wp-json\/wp\/v2\/posts"}],"about":[{"href":"https:\/\/blogdodanielgalvao.com.br\/site\/wp-json\/wp\/v2\/types\/post"}],"author":[{"embeddable":true,"href":"https:\/\/blogdodanielgalvao.com.br\/site\/wp-json\/wp\/v2\/users\/2"}],"replies":[{"embeddable":true,"href":"https:\/\/blogdodanielgalvao.com.br\/site\/wp-json\/wp\/v2\/comments?post=21992"}],"version-history":[{"count":1,"href":"https:\/\/blogdodanielgalvao.com.br\/site\/wp-json\/wp\/v2\/posts\/21992\/revisions"}],"predecessor-version":[{"id":21994,"href":"https:\/\/blogdodanielgalvao.com.br\/site\/wp-json\/wp\/v2\/posts\/21992\/revisions\/21994"}],"wp:featuredmedia":[{"embeddable":true,"href":"https:\/\/blogdodanielgalvao.com.br\/site\/wp-json\/wp\/v2\/media\/21993"}],"wp:attachment":[{"href":"https:\/\/blogdodanielgalvao.com.br\/site\/wp-json\/wp\/v2\/media?parent=21992"}],"wp:term":[{"taxonomy":"category","embeddable":true,"href":"https:\/\/blogdodanielgalvao.com.br\/site\/wp-json\/wp\/v2\/categories?post=21992"},{"taxonomy":"post_tag","embeddable":true,"href":"https:\/\/blogdodanielgalvao.com.br\/site\/wp-json\/wp\/v2\/tags?post=21992"}],"curies":[{"name":"wp","href":"https:\/\/api.w.org\/{rel}","templated":true}]}}