{"id":21989,"date":"2025-08-08T16:51:12","date_gmt":"2025-08-08T19:51:12","guid":{"rendered":"https:\/\/blogdodanielgalvao.com.br\/site\/?p=21989"},"modified":"2025-08-08T16:51:12","modified_gmt":"2025-08-08T19:51:12","slug":"investigacao-implacavel-leva-a-prisao-de-envolvidos-em-sequestro-em-macae","status":"publish","type":"post","link":"https:\/\/blogdodanielgalvao.com.br\/site\/investigacao-implacavel-leva-a-prisao-de-envolvidos-em-sequestro-em-macae\/","title":{"rendered":"Investiga\u00e7\u00e3o implac\u00e1vel leva \u00e0 pris\u00e3o de envolvidos em sequestro em Maca\u00e9"},"content":{"rendered":"<p>Duas pessoas foram presas em Maca\u00e9 na manh\u00e3 da \u00faltima quinta-feira (7) pelo crime de extors\u00e3o mediante sequestro. As pris\u00f5es foram realizadas por policiais civis da 123\u00aa DP ap\u00f3s longa investiga\u00e7\u00e3o. Os criminosos foram localizados e presos nos munic\u00edpios de Maca\u00e9 e Navegantes (SC).<\/p>\n<p>De acordo com a investiga\u00e7\u00e3o, um empres\u00e1rio do ramo de navega\u00e7\u00e3o mar\u00edtima foi abordado e rendido por dois s\u00f3cios da pr\u00f3pria empresa ap\u00f3s uma reuni\u00e3o no dia 04\/07\/2025. J\u00e1 em posse dos criminosos, a v\u00edtima foi obrigada a assinar alguns documentos, um deles promovendo uma altera\u00e7\u00e3o contratual que transferia metade da empresa \u00e0 m\u00e3e de um dos autores do sequestro. Durante esse per\u00edodo, os criminosos amea\u00e7avam assassinar a fam\u00edlia do empres\u00e1rio caso ele se recusasse a cumprir as determina\u00e7\u00f5es.<\/p>\n<p>A Civil revelou tamb\u00e9m que o crime foi extremamente planejado e executado em diversas etapas. A a\u00e7\u00e3o envolveu vigil\u00e2ncia, uso de ve\u00edculos para bloqueio e deslocamento da v\u00edtima, utiliza\u00e7\u00e3o de terceiros no cart\u00f3rio para garantir a validade dos documentos assinados.<\/p>\n<p>A 123\u00aa DP ent\u00e3o conduziu uma investiga\u00e7\u00e3o e com base nas informa\u00e7\u00f5es levantadas, conseguiu expedir os mandados de pris\u00e3o tempor\u00e1ria pela 2\u00aa Vara Criminal de Maca\u00e9. Na \u00faltima quinta pela manh\u00e3, os agentes conseguiram capturar um dos autores do sequestro. Ele foi localizado na RJ-168 em Maca\u00e9.<\/p>\n<p>O segundo s\u00f3cio foi localizado no munic\u00edpio de Navegantes (SC) em uma a\u00e7\u00e3o conjunta com a Civil de Santa Catarina. Os dois agora permanecem presos e ficam \u00e0 disposi\u00e7\u00e3o das autoridades.<\/p>\n","protected":false},"excerpt":{"rendered":"<p>Duas pessoas foram presas em Maca\u00e9 na manh\u00e3 da \u00faltima quinta-feira (7) pelo crime de extors\u00e3o mediante sequestro. As pris\u00f5es foram realizadas por policiais civis da 123\u00aa DP ap\u00f3s longa investiga\u00e7\u00e3o. Os criminosos foram localizados e presos nos munic\u00edpios de Maca\u00e9 e Navegantes (SC). De acordo com a investiga\u00e7\u00e3o, um empres\u00e1rio do ramo de navega\u00e7\u00e3o [&hellip;]<\/p>\n","protected":false},"author":2,"featured_media":21990,"comment_status":"open","ping_status":"open","sticky":true,"template":"","format":"standard","meta":{"footnotes":""},"categories":[1899],"tags":[],"class_list":["post-21989","post","type-post","status-publish","format-standard","has-post-thumbnail","hentry","category-policia"],"_links":{"self":[{"href":"https:\/\/blogdodanielgalvao.com.br\/site\/wp-json\/wp\/v2\/posts\/21989","targetHints":{"allow":["GET"]}}],"collection":[{"href":"https:\/\/blogdodanielgalvao.com.br\/site\/wp-json\/wp\/v2\/posts"}],"about":[{"href":"https:\/\/blogdodanielgalvao.com.br\/site\/wp-json\/wp\/v2\/types\/post"}],"author":[{"embeddable":true,"href":"https:\/\/blogdodanielgalvao.com.br\/site\/wp-json\/wp\/v2\/users\/2"}],"replies":[{"embeddable":true,"href":"https:\/\/blogdodanielgalvao.com.br\/site\/wp-json\/wp\/v2\/comments?post=21989"}],"version-history":[{"count":1,"href":"https:\/\/blogdodanielgalvao.com.br\/site\/wp-json\/wp\/v2\/posts\/21989\/revisions"}],"predecessor-version":[{"id":21991,"href":"https:\/\/blogdodanielgalvao.com.br\/site\/wp-json\/wp\/v2\/posts\/21989\/revisions\/21991"}],"wp:featuredmedia":[{"embeddable":true,"href":"https:\/\/blogdodanielgalvao.com.br\/site\/wp-json\/wp\/v2\/media\/21990"}],"wp:attachment":[{"href":"https:\/\/blogdodanielgalvao.com.br\/site\/wp-json\/wp\/v2\/media?parent=21989"}],"wp:term":[{"taxonomy":"category","embeddable":true,"href":"https:\/\/blogdodanielgalvao.com.br\/site\/wp-json\/wp\/v2\/categories?post=21989"},{"taxonomy":"post_tag","embeddable":true,"href":"https:\/\/blogdodanielgalvao.com.br\/site\/wp-json\/wp\/v2\/tags?post=21989"}],"curies":[{"name":"wp","href":"https:\/\/api.w.org\/{rel}","templated":true}]}}