{"id":21981,"date":"2025-08-08T14:58:47","date_gmt":"2025-08-08T17:58:47","guid":{"rendered":"https:\/\/blogdodanielgalvao.com.br\/site\/?p=21981"},"modified":"2025-08-08T14:58:47","modified_gmt":"2025-08-08T17:58:47","slug":"charitas-em-cabo-frio-recebe-evento-teatral-que-celebra-diversidade-e-acessibilidade","status":"publish","type":"post","link":"https:\/\/blogdodanielgalvao.com.br\/site\/charitas-em-cabo-frio-recebe-evento-teatral-que-celebra-diversidade-e-acessibilidade\/","title":{"rendered":"Charitas, em Cabo Frio, recebe evento teatral que celebra diversidade e acessibilidade"},"content":{"rendered":"<p>No \u00faltimo s\u00e1bado (2), o Museu Casa de Cultura Jos\u00e9 de Dome foi palco de um dia dedicado \u00e0 arte e \u00e0 inclus\u00e3o durante o Workshop Teatral, organizado pela Secretaria Adjunta da Pessoa com Defici\u00eancia e Autismo (SAPDPA) em parceria com a Secretaria de Cultura.<\/p>\n<p>Aberto e gratuito para toda a popula\u00e7\u00e3o, o evento teve sua abertura conduzida pelo Secret\u00e1rio Adjunto para Pessoa com Defici\u00eancia, Andr\u00e9 Luiz Ramos, conhecido como \u201cGugu\u201d. Uma parte das vagas foi especialmente reservada para pessoas com defici\u00eancia.<\/p>\n<p>Cadeirantes, surdos e indiv\u00edduos com S\u00edndrome de Down participaram das atividades junto a outros alunos sem defici\u00eancia. As pr\u00e1ticas corporais e a leitura de textos focados em inclus\u00e3o foram orientadas pelo superintendente da SAPDPA, Anderson Macleyves.<\/p>\n<p>\u201cO Workshop Teatral de Inclus\u00e3o foi um sucesso. Eventos como este refor\u00e7am nosso compromisso com a sa\u00fade f\u00edsica e mental dos nossos usu\u00e1rios\u201d, destacou o superintendente.<\/p>\n","protected":false},"excerpt":{"rendered":"<p>No \u00faltimo s\u00e1bado (2), o Museu Casa de Cultura Jos\u00e9 de Dome foi palco de um dia dedicado \u00e0 arte e \u00e0 inclus\u00e3o durante o Workshop Teatral, organizado pela Secretaria Adjunta da Pessoa com Defici\u00eancia e Autismo (SAPDPA) em parceria com a Secretaria de Cultura. Aberto e gratuito para toda a popula\u00e7\u00e3o, o evento teve [&hellip;]<\/p>\n","protected":false},"author":2,"featured_media":21982,"comment_status":"open","ping_status":"open","sticky":true,"template":"","format":"standard","meta":{"footnotes":""},"categories":[340],"tags":[1896],"class_list":["post-21981","post","type-post","status-publish","format-standard","has-post-thumbnail","hentry","category-cabo-frio","tag-destaque"],"_links":{"self":[{"href":"https:\/\/blogdodanielgalvao.com.br\/site\/wp-json\/wp\/v2\/posts\/21981","targetHints":{"allow":["GET"]}}],"collection":[{"href":"https:\/\/blogdodanielgalvao.com.br\/site\/wp-json\/wp\/v2\/posts"}],"about":[{"href":"https:\/\/blogdodanielgalvao.com.br\/site\/wp-json\/wp\/v2\/types\/post"}],"author":[{"embeddable":true,"href":"https:\/\/blogdodanielgalvao.com.br\/site\/wp-json\/wp\/v2\/users\/2"}],"replies":[{"embeddable":true,"href":"https:\/\/blogdodanielgalvao.com.br\/site\/wp-json\/wp\/v2\/comments?post=21981"}],"version-history":[{"count":1,"href":"https:\/\/blogdodanielgalvao.com.br\/site\/wp-json\/wp\/v2\/posts\/21981\/revisions"}],"predecessor-version":[{"id":21983,"href":"https:\/\/blogdodanielgalvao.com.br\/site\/wp-json\/wp\/v2\/posts\/21981\/revisions\/21983"}],"wp:featuredmedia":[{"embeddable":true,"href":"https:\/\/blogdodanielgalvao.com.br\/site\/wp-json\/wp\/v2\/media\/21982"}],"wp:attachment":[{"href":"https:\/\/blogdodanielgalvao.com.br\/site\/wp-json\/wp\/v2\/media?parent=21981"}],"wp:term":[{"taxonomy":"category","embeddable":true,"href":"https:\/\/blogdodanielgalvao.com.br\/site\/wp-json\/wp\/v2\/categories?post=21981"},{"taxonomy":"post_tag","embeddable":true,"href":"https:\/\/blogdodanielgalvao.com.br\/site\/wp-json\/wp\/v2\/tags?post=21981"}],"curies":[{"name":"wp","href":"https:\/\/api.w.org\/{rel}","templated":true}]}}