{"id":21977,"date":"2025-08-08T14:49:12","date_gmt":"2025-08-08T17:49:12","guid":{"rendered":"https:\/\/blogdodanielgalvao.com.br\/site\/?p=21977"},"modified":"2025-08-08T14:49:12","modified_gmt":"2025-08-08T17:49:12","slug":"caso-de-agressao-em-arraial-do-cabo-expoe-desafios-no-enfrentamento-a-violencia-de-genero","status":"publish","type":"post","link":"https:\/\/blogdodanielgalvao.com.br\/site\/caso-de-agressao-em-arraial-do-cabo-expoe-desafios-no-enfrentamento-a-violencia-de-genero\/","title":{"rendered":"Caso de agress\u00e3o em Arraial do Cabo exp\u00f5e desafios no enfrentamento \u00e0 viol\u00eancia de g\u00eanero"},"content":{"rendered":"<p>Na quinta-feira (7), data em que o pa\u00eds celebrou os 19 anos da Lei Maria da Penha, legisla\u00e7\u00e3o criada para coibir e punir a viol\u00eancia dom\u00e9stica e familiar contra a mulher, Arraial do Cabo registrou um epis\u00f3dio que refor\u00e7a a import\u00e2ncia e a atualidade da norma.<\/p>\n<p>Uma equipe do Grupamento de Opera\u00e7\u00f5es com C\u00e3es (GOC), da Guarda Municipal, foi abordada por moradores que denunciaram uma briga entre duas mulheres. Ao chegarem ao local, os agentes encontraram uma delas com diversos ferimentos no rosto e sangramento intenso. A guarni\u00e7\u00e3o acionou imediatamente uma ambul\u00e2ncia, e a v\u00edtima precisou receber pontos na boca devido \u00e0 gravidade das les\u00f5es.<\/p>\n<p>A segunda mulher envolvida tamb\u00e9m apresentava machucados, com escoria\u00e7\u00f5es leves na regi\u00e3o do pesco\u00e7o. Ambas foram encaminhadas para atendimento m\u00e9dico e, posteriormente, levadas \u00e0 132\u00aa Delegacia de Pol\u00edcia, onde a ocorr\u00eancia foi registrada para investiga\u00e7\u00e3o.<\/p>\n<p>O caso, ocorrido justamente no dia de comemora\u00e7\u00e3o da lei, evidencia que, mesmo ap\u00f3s quase duas d\u00e9cadas de vig\u00eancia, a luta contra a viol\u00eancia de g\u00eanero e a promo\u00e7\u00e3o de uma cultura de respeito e n\u00e3o agress\u00e3o ainda s\u00e3o desafios\u00a0di\u00e1rios.<\/p>\n","protected":false},"excerpt":{"rendered":"<p>Na quinta-feira (7), data em que o pa\u00eds celebrou os 19 anos da Lei Maria da Penha, legisla\u00e7\u00e3o criada para coibir e punir a viol\u00eancia dom\u00e9stica e familiar contra a mulher, Arraial do Cabo registrou um epis\u00f3dio que refor\u00e7a a import\u00e2ncia e a atualidade da norma. Uma equipe do Grupamento de Opera\u00e7\u00f5es com C\u00e3es (GOC), [&hellip;]<\/p>\n","protected":false},"author":2,"featured_media":21979,"comment_status":"open","ping_status":"open","sticky":true,"template":"","format":"standard","meta":{"footnotes":""},"categories":[838],"tags":[1896],"class_list":["post-21977","post","type-post","status-publish","format-standard","has-post-thumbnail","hentry","category-arraial-do-cabo","tag-destaque"],"_links":{"self":[{"href":"https:\/\/blogdodanielgalvao.com.br\/site\/wp-json\/wp\/v2\/posts\/21977","targetHints":{"allow":["GET"]}}],"collection":[{"href":"https:\/\/blogdodanielgalvao.com.br\/site\/wp-json\/wp\/v2\/posts"}],"about":[{"href":"https:\/\/blogdodanielgalvao.com.br\/site\/wp-json\/wp\/v2\/types\/post"}],"author":[{"embeddable":true,"href":"https:\/\/blogdodanielgalvao.com.br\/site\/wp-json\/wp\/v2\/users\/2"}],"replies":[{"embeddable":true,"href":"https:\/\/blogdodanielgalvao.com.br\/site\/wp-json\/wp\/v2\/comments?post=21977"}],"version-history":[{"count":1,"href":"https:\/\/blogdodanielgalvao.com.br\/site\/wp-json\/wp\/v2\/posts\/21977\/revisions"}],"predecessor-version":[{"id":21980,"href":"https:\/\/blogdodanielgalvao.com.br\/site\/wp-json\/wp\/v2\/posts\/21977\/revisions\/21980"}],"wp:featuredmedia":[{"embeddable":true,"href":"https:\/\/blogdodanielgalvao.com.br\/site\/wp-json\/wp\/v2\/media\/21979"}],"wp:attachment":[{"href":"https:\/\/blogdodanielgalvao.com.br\/site\/wp-json\/wp\/v2\/media?parent=21977"}],"wp:term":[{"taxonomy":"category","embeddable":true,"href":"https:\/\/blogdodanielgalvao.com.br\/site\/wp-json\/wp\/v2\/categories?post=21977"},{"taxonomy":"post_tag","embeddable":true,"href":"https:\/\/blogdodanielgalvao.com.br\/site\/wp-json\/wp\/v2\/tags?post=21977"}],"curies":[{"name":"wp","href":"https:\/\/api.w.org\/{rel}","templated":true}]}}