{"id":21970,"date":"2025-08-08T12:28:38","date_gmt":"2025-08-08T15:28:38","guid":{"rendered":"https:\/\/blogdodanielgalvao.com.br\/site\/?p=21970"},"modified":"2025-08-08T12:36:48","modified_gmt":"2025-08-08T15:36:48","slug":"mestre-rogerio-curuma-e-homenageado-em-evento-de-capoeira-em-arraial-no-dia-15","status":"publish","type":"post","link":"https:\/\/blogdodanielgalvao.com.br\/site\/mestre-rogerio-curuma-e-homenageado-em-evento-de-capoeira-em-arraial-no-dia-15\/","title":{"rendered":"Mestre Rog\u00e9rio Curum\u00e3 \u00e9 homenageado em evento de capoeira em Arraial no dia 15"},"content":{"rendered":"<p>De 11 a 15 de agosto, a Subsecretaria de Cultura de Arraial do Cabo realiza a Semana do Capoeirista, com uma agenda voltada para a valoriza\u00e7\u00e3o da capoeira, suas origens afro-brasileiras e seu papel como instrumento de educa\u00e7\u00e3o e inclus\u00e3o social.<\/p>\n<p>A programa\u00e7\u00e3o come\u00e7a com o projeto Capoeira nas Escolas, entre os dias 11 e 13, levando aulas pr\u00e1ticas e viv\u00eancias culturais para estudantes da rede municipal. Instrutores vinculados \u00e0 Subsecretaria v\u00e3o apresentar fundamentos da capoeira e incentivar o respeito \u00e0 diversidade cultural.<\/p>\n<p>O encerramento ser\u00e1 no dia 15 de agosto, \u00e0s 18h30, na Pra\u00e7a do Sindicato, com uma grande Roda de Capoeira reunindo mestres, alunos e grupos locais. A atividade ser\u00e1 dedicada ao mestre Rog\u00e9rio Curum\u00e3, figura de destaque na hist\u00f3ria da capoeira em Arraial do Cabo, reconhecido por sua contribui\u00e7\u00e3o na forma\u00e7\u00e3o de gera\u00e7\u00f5es.<\/p>\n<p>A Semana do Capoeirista reafirma o compromisso da cidade com a preserva\u00e7\u00e3o e valoriza\u00e7\u00e3o da cultura afro-brasileira, fortalecendo o di\u00e1logo, o respeito e a continuidade das tradi\u00e7\u00f5es que fazem parte da identidade\u00a0cabista.<\/p>\n<p>Fotos: Marcelo Teixeira \/ Ana Cort\u00eas<\/p>\n","protected":false},"excerpt":{"rendered":"<p>De 11 a 15 de agosto, a Subsecretaria de Cultura de Arraial do Cabo realiza a Semana do Capoeirista, com uma agenda voltada para a valoriza\u00e7\u00e3o da capoeira, suas origens afro-brasileiras e seu papel como instrumento de educa\u00e7\u00e3o e inclus\u00e3o social. A programa\u00e7\u00e3o come\u00e7a com o projeto Capoeira nas Escolas, entre os dias 11 e [&hellip;]<\/p>\n","protected":false},"author":2,"featured_media":21971,"comment_status":"open","ping_status":"open","sticky":true,"template":"","format":"standard","meta":{"footnotes":""},"categories":[838],"tags":[1896],"class_list":["post-21970","post","type-post","status-publish","format-standard","has-post-thumbnail","hentry","category-arraial-do-cabo","tag-destaque"],"_links":{"self":[{"href":"https:\/\/blogdodanielgalvao.com.br\/site\/wp-json\/wp\/v2\/posts\/21970","targetHints":{"allow":["GET"]}}],"collection":[{"href":"https:\/\/blogdodanielgalvao.com.br\/site\/wp-json\/wp\/v2\/posts"}],"about":[{"href":"https:\/\/blogdodanielgalvao.com.br\/site\/wp-json\/wp\/v2\/types\/post"}],"author":[{"embeddable":true,"href":"https:\/\/blogdodanielgalvao.com.br\/site\/wp-json\/wp\/v2\/users\/2"}],"replies":[{"embeddable":true,"href":"https:\/\/blogdodanielgalvao.com.br\/site\/wp-json\/wp\/v2\/comments?post=21970"}],"version-history":[{"count":2,"href":"https:\/\/blogdodanielgalvao.com.br\/site\/wp-json\/wp\/v2\/posts\/21970\/revisions"}],"predecessor-version":[{"id":21976,"href":"https:\/\/blogdodanielgalvao.com.br\/site\/wp-json\/wp\/v2\/posts\/21970\/revisions\/21976"}],"wp:featuredmedia":[{"embeddable":true,"href":"https:\/\/blogdodanielgalvao.com.br\/site\/wp-json\/wp\/v2\/media\/21971"}],"wp:attachment":[{"href":"https:\/\/blogdodanielgalvao.com.br\/site\/wp-json\/wp\/v2\/media?parent=21970"}],"wp:term":[{"taxonomy":"category","embeddable":true,"href":"https:\/\/blogdodanielgalvao.com.br\/site\/wp-json\/wp\/v2\/categories?post=21970"},{"taxonomy":"post_tag","embeddable":true,"href":"https:\/\/blogdodanielgalvao.com.br\/site\/wp-json\/wp\/v2\/tags?post=21970"}],"curies":[{"name":"wp","href":"https:\/\/api.w.org\/{rel}","templated":true}]}}