{"id":21966,"date":"2025-08-08T12:11:39","date_gmt":"2025-08-08T15:11:39","guid":{"rendered":"https:\/\/blogdodanielgalvao.com.br\/site\/?p=21966"},"modified":"2025-08-08T12:11:39","modified_gmt":"2025-08-08T15:11:39","slug":"unidades-de-saude-de-cabo-frio-oferecem-vacina-contra-hpv-para-novos-grupos-etarios","status":"publish","type":"post","link":"https:\/\/blogdodanielgalvao.com.br\/site\/unidades-de-saude-de-cabo-frio-oferecem-vacina-contra-hpv-para-novos-grupos-etarios\/","title":{"rendered":"Unidades de sa\u00fade de Cabo Frio oferecem vacina contra HPV para novos grupos et\u00e1rios"},"content":{"rendered":"<p>A Secretaria Municipal de Sa\u00fade de Cabo Frio est\u00e1 convocando adolescentes e jovens de 15 a 19 anos, que ainda n\u00e3o tenham recebido a imuniza\u00e7\u00e3o, para tomarem a vacina contra o HPV. Agora dispon\u00edvel em dose \u00fanica, a aplica\u00e7\u00e3o \u00e9 feita em todas as unidades de sa\u00fade do munic\u00edpio, e a amplia\u00e7\u00e3o da faixa et\u00e1ria, autorizada pelo Minist\u00e9rio da Sa\u00fade, segue at\u00e9 dezembro.<\/p>\n<p>O imunizante quadrivalente protege contra os tipos 16 e 18 do v\u00edrus, respons\u00e1veis por c\u00e2ncer de colo do \u00fatero, vulva, vagina, p\u00eanis, regi\u00e3o anal e orofaringe, al\u00e9m de atuar na preven\u00e7\u00e3o de les\u00f5es pr\u00e9-cancerosas. Tamb\u00e9m oferece prote\u00e7\u00e3o contra os tipos que causam verrugas genitais em homens e mulheres, sendo mais eficaz quando aplicado antes do in\u00edcio da vida sexual.<\/p>\n<p>\u201cNesse momento, temos a extens\u00e3o da faixa et\u00e1ria para 15 a 19 anos, mas at\u00e9 dezembro tamb\u00e9m estamos refor\u00e7ando a vacina\u00e7\u00e3o de quem perdeu a aplica\u00e7\u00e3o entre 9 e 14 anos. Precisamos que todos entendam a import\u00e2ncia dessa preven\u00e7\u00e3o. \u00c9 simples, r\u00e1pido e muito eficiente. Pedimos aos pais e respons\u00e1veis que incentivem os adolescentes a se vacinarem\u201d, afirmou Patr\u00edcia Freitas, coordenadora municipal de Imuniza\u00e7\u00e3o.<\/p>\n<p>Segundo a Secretaria, a vacina\u00e7\u00e3o em larga escala ajuda a diminuir a circula\u00e7\u00e3o do HPV, protegendo inclusive quem ainda n\u00e3o foi vacinado.<\/p>\n<p>&nbsp;<\/p>\n<p>Foto: Mari\u00a0Ricci\/SECOM<\/p>\n","protected":false},"excerpt":{"rendered":"<p>A Secretaria Municipal de Sa\u00fade de Cabo Frio est\u00e1 convocando adolescentes e jovens de 15 a 19 anos, que ainda n\u00e3o tenham recebido a imuniza\u00e7\u00e3o, para tomarem a vacina contra o HPV. Agora dispon\u00edvel em dose \u00fanica, a aplica\u00e7\u00e3o \u00e9 feita em todas as unidades de sa\u00fade do munic\u00edpio, e a amplia\u00e7\u00e3o da faixa et\u00e1ria, [&hellip;]<\/p>\n","protected":false},"author":2,"featured_media":21967,"comment_status":"open","ping_status":"open","sticky":true,"template":"","format":"standard","meta":{"footnotes":""},"categories":[340],"tags":[1896],"class_list":["post-21966","post","type-post","status-publish","format-standard","has-post-thumbnail","hentry","category-cabo-frio","tag-destaque"],"_links":{"self":[{"href":"https:\/\/blogdodanielgalvao.com.br\/site\/wp-json\/wp\/v2\/posts\/21966","targetHints":{"allow":["GET"]}}],"collection":[{"href":"https:\/\/blogdodanielgalvao.com.br\/site\/wp-json\/wp\/v2\/posts"}],"about":[{"href":"https:\/\/blogdodanielgalvao.com.br\/site\/wp-json\/wp\/v2\/types\/post"}],"author":[{"embeddable":true,"href":"https:\/\/blogdodanielgalvao.com.br\/site\/wp-json\/wp\/v2\/users\/2"}],"replies":[{"embeddable":true,"href":"https:\/\/blogdodanielgalvao.com.br\/site\/wp-json\/wp\/v2\/comments?post=21966"}],"version-history":[{"count":1,"href":"https:\/\/blogdodanielgalvao.com.br\/site\/wp-json\/wp\/v2\/posts\/21966\/revisions"}],"predecessor-version":[{"id":21968,"href":"https:\/\/blogdodanielgalvao.com.br\/site\/wp-json\/wp\/v2\/posts\/21966\/revisions\/21968"}],"wp:featuredmedia":[{"embeddable":true,"href":"https:\/\/blogdodanielgalvao.com.br\/site\/wp-json\/wp\/v2\/media\/21967"}],"wp:attachment":[{"href":"https:\/\/blogdodanielgalvao.com.br\/site\/wp-json\/wp\/v2\/media?parent=21966"}],"wp:term":[{"taxonomy":"category","embeddable":true,"href":"https:\/\/blogdodanielgalvao.com.br\/site\/wp-json\/wp\/v2\/categories?post=21966"},{"taxonomy":"post_tag","embeddable":true,"href":"https:\/\/blogdodanielgalvao.com.br\/site\/wp-json\/wp\/v2\/tags?post=21966"}],"curies":[{"name":"wp","href":"https:\/\/api.w.org\/{rel}","templated":true}]}}