{"id":21963,"date":"2025-08-08T12:05:46","date_gmt":"2025-08-08T15:05:46","guid":{"rendered":"https:\/\/blogdodanielgalvao.com.br\/site\/?p=21963"},"modified":"2025-08-08T12:05:46","modified_gmt":"2025-08-08T15:05:46","slug":"corrida-da-padroeira-muda-esquema-de-transito-no-centro-de-cabo-frio","status":"publish","type":"post","link":"https:\/\/blogdodanielgalvao.com.br\/site\/corrida-da-padroeira-muda-esquema-de-transito-no-centro-de-cabo-frio\/","title":{"rendered":"Corrida da Padroeira muda esquema de tr\u00e2nsito no Centro de Cabo Frio"},"content":{"rendered":"<p>A Guarda Civil Municipal de Cabo Frio preparou uma opera\u00e7\u00e3o especial de ordenamento vi\u00e1rio e seguran\u00e7a para este domingo (10), durante a 18\u00aa edi\u00e7\u00e3o da Corrida da Padroeira. A largada ser\u00e1 \u00e0s 7h30, na Pra\u00e7a Porto Rocha, integrando a programa\u00e7\u00e3o de homenagens \u00e0 padroeira do munic\u00edpio. A prova, organizada pela Par\u00f3quia Nossa Senhora da Assun\u00e7\u00e3o, ter\u00e1 percursos de 5 km e 10 km pelas ruas do Centro.<\/p>\n<p>As mudan\u00e7as no tr\u00e1fego come\u00e7am no s\u00e1bado (9), \u00e0s 13h, com a interdi\u00e7\u00e3o parcial da Avenida Nossa Senhora da Assun\u00e7\u00e3o para montagem da estrutura. No mesmo hor\u00e1rio, o trecho entre essa avenida e a Rua Raul Veiga ser\u00e1 fechado para instala\u00e7\u00e3o do posto m\u00e9dico e apoio log\u00edstico. O bloqueio seguir\u00e1 at\u00e9 as 14h de domingo.<\/p>\n<p>No dia da corrida, a partir das 4h30, a Avenida Nossa Senhora da Assun\u00e7\u00e3o volta a ser interditada pr\u00f3ximo \u00e0 Pra\u00e7a Porto Rocha. Durante todo o evento, agentes da Guarda Civil estar\u00e3o distribu\u00eddos em pontos estrat\u00e9gicos para orientar motoristas, pedestres e manter o fluxo seguro.<\/p>\n<p>O percurso menor, de 5 km, inclui as avenidas Nilo Pe\u00e7anha, Mac\u00e1rio Pinto Lopes e Hilton Massa, retornando \u00e0 Avenida Nossa Senhora da Assun\u00e7\u00e3o. J\u00e1 o trajeto de 10 km segue at\u00e9 a Avenida Litor\u00e2nea, passando pelas ruas Jo\u00e3o Ant\u00f4nio Rocha, dos Cravos e Enf. Ricardo Sanches, antes de retornar pelo mesmo caminho.<\/p>\n<p>A Secretaria de Seguran\u00e7a e Ordem P\u00fablica solicita que condutores redobrem a aten\u00e7\u00e3o e colaborem com as mudan\u00e7as tempor\u00e1rias, garantindo que a corrida transcorra de forma segura e organizada. O mapa das interdi\u00e7\u00f5es pode ser conferido neste link: <strong><u><a href=\"https:\/\/goo.gl\/maps\/73myciwZCTj9KXTE7?g\\_st=aw\">https:\/\/goo.gl\/maps\/73myciwZCTj9KXTE7?g\\_st=aw<\/a><\/u><\/strong><\/p>\n<p><strong><u>\u00a0\u00a0\u00a0 <\/u><\/strong><\/p>\n","protected":false},"excerpt":{"rendered":"<p>A Guarda Civil Municipal de Cabo Frio preparou uma opera\u00e7\u00e3o especial de ordenamento vi\u00e1rio e seguran\u00e7a para este domingo (10), durante a 18\u00aa edi\u00e7\u00e3o da Corrida da Padroeira. A largada ser\u00e1 \u00e0s 7h30, na Pra\u00e7a Porto Rocha, integrando a programa\u00e7\u00e3o de homenagens \u00e0 padroeira do munic\u00edpio. A prova, organizada pela Par\u00f3quia Nossa Senhora da Assun\u00e7\u00e3o, [&hellip;]<\/p>\n","protected":false},"author":2,"featured_media":21964,"comment_status":"open","ping_status":"open","sticky":true,"template":"","format":"standard","meta":{"footnotes":""},"categories":[340],"tags":[1896],"class_list":["post-21963","post","type-post","status-publish","format-standard","has-post-thumbnail","hentry","category-cabo-frio","tag-destaque"],"_links":{"self":[{"href":"https:\/\/blogdodanielgalvao.com.br\/site\/wp-json\/wp\/v2\/posts\/21963","targetHints":{"allow":["GET"]}}],"collection":[{"href":"https:\/\/blogdodanielgalvao.com.br\/site\/wp-json\/wp\/v2\/posts"}],"about":[{"href":"https:\/\/blogdodanielgalvao.com.br\/site\/wp-json\/wp\/v2\/types\/post"}],"author":[{"embeddable":true,"href":"https:\/\/blogdodanielgalvao.com.br\/site\/wp-json\/wp\/v2\/users\/2"}],"replies":[{"embeddable":true,"href":"https:\/\/blogdodanielgalvao.com.br\/site\/wp-json\/wp\/v2\/comments?post=21963"}],"version-history":[{"count":1,"href":"https:\/\/blogdodanielgalvao.com.br\/site\/wp-json\/wp\/v2\/posts\/21963\/revisions"}],"predecessor-version":[{"id":21965,"href":"https:\/\/blogdodanielgalvao.com.br\/site\/wp-json\/wp\/v2\/posts\/21963\/revisions\/21965"}],"wp:featuredmedia":[{"embeddable":true,"href":"https:\/\/blogdodanielgalvao.com.br\/site\/wp-json\/wp\/v2\/media\/21964"}],"wp:attachment":[{"href":"https:\/\/blogdodanielgalvao.com.br\/site\/wp-json\/wp\/v2\/media?parent=21963"}],"wp:term":[{"taxonomy":"category","embeddable":true,"href":"https:\/\/blogdodanielgalvao.com.br\/site\/wp-json\/wp\/v2\/categories?post=21963"},{"taxonomy":"post_tag","embeddable":true,"href":"https:\/\/blogdodanielgalvao.com.br\/site\/wp-json\/wp\/v2\/tags?post=21963"}],"curies":[{"name":"wp","href":"https:\/\/api.w.org\/{rel}","templated":true}]}}