{"id":21950,"date":"2025-08-07T17:39:06","date_gmt":"2025-08-07T20:39:06","guid":{"rendered":"https:\/\/blogdodanielgalvao.com.br\/site\/?p=21950"},"modified":"2025-08-07T17:39:06","modified_gmt":"2025-08-07T20:39:06","slug":"teatro-de-rio-das-ostras-apresenta-evento-promovido-por-alunos-de-danca-da-onda","status":"publish","type":"post","link":"https:\/\/blogdodanielgalvao.com.br\/site\/teatro-de-rio-das-ostras-apresenta-evento-promovido-por-alunos-de-danca-da-onda\/","title":{"rendered":"Teatro de Rio das Ostras apresenta evento promovido por alunos de Dan\u00e7a da Onda"},"content":{"rendered":"<p>O Teatro Municipal Joel Barcellos, em Rio das Ostras, apresenta, nessa sexta-feira, 8, a Mostra de Dan\u00e7a \u201cO que Somos\u201d, realizada pela Cia de Dan\u00e7a ESTA.CIA, formada por alunos do 2\u00ba t\u00e9cnico de Dan\u00e7a do Centro de Forma\u00e7\u00e3o Art\u00edstica de M\u00fasica, Dan\u00e7a e Teatro, a popular Onda.<\/p>\n<p>O evento, que come\u00e7ou nessa quinta-feira, 7, com oficinas ministradas pelos bailarinos Isabela Lyra, Jhulie Costa, R\u00f4mulo Castro e Brendon Willians, e tem seu encerramento com a Mostra de Dan\u00e7a, tem como objetivo arrecadar recursos para a formatura da turma de 2025.<\/p>\n<p>\u201cO evento contribui para a circula\u00e7\u00e3o de renda entre profissionais da Cultura, como bailarinos, professores, t\u00e9cnicos, produtores e equipe de apoio, e movimenta a economia local ao envolver servi\u00e7os ligados \u00e0 produ\u00e7\u00e3o art\u00edstica, transporte, alimenta\u00e7\u00e3o e figurino\u201d, detalhou a organiza\u00e7\u00e3o.<\/p>\n<p>A abertura da mostra ficar\u00e1 por conta da Cia de Dan\u00e7a ESTA.CIA, com a reapresenta\u00e7\u00e3o da performance \u201cOs Dois Amores de Dorival Caymmi\u201d, coreografada por R\u00f4mulo Castro, e que foi sucesso no Festival da Onda, realizado em julho.<\/p>\n<p>Companhia independente formada por 5 alunos da Onda, a Cia de Dan\u00e7a ESTA.CIA tem no curr\u00edculo passagens por eventos importantes da cidade com apresenta\u00e7\u00f5es no Sesc Ver\u00e3o 2025 e na Paix\u00e3o de Cristo de Rio das Ostras.<\/p>\n<p>O Teatro Municipal Joel Barcellos fica na Avenida Amazonas, s\/n, na Extens\u00e3o Novo Rio das Ostras. A Mostra de Dan\u00e7a \u201cO que Somos\u201d acontece nessa sexta-feira, com abertura da programa\u00e7\u00e3o a partir das 18h30.<\/p>\n<p>Os ingressos para a mostra custam 20 reais (inteira) e 10 reais (meia), com vendas pela plataforma Sympla, atrav\u00e9s do link, https:\/\/www.sympla.com.br\/evento\/mostra-de-danca-o-que-somos\/3044762?referrer=www.google.com.<\/p>\n","protected":false},"excerpt":{"rendered":"<p>O Teatro Municipal Joel Barcellos, em Rio das Ostras, apresenta, nessa sexta-feira, 8, a Mostra de Dan\u00e7a \u201cO que Somos\u201d, realizada pela Cia de Dan\u00e7a ESTA.CIA, formada por alunos do 2\u00ba t\u00e9cnico de Dan\u00e7a do Centro de Forma\u00e7\u00e3o Art\u00edstica de M\u00fasica, Dan\u00e7a e Teatro, a popular Onda. O evento, que come\u00e7ou nessa quinta-feira, 7, com [&hellip;]<\/p>\n","protected":false},"author":2,"featured_media":21951,"comment_status":"open","ping_status":"open","sticky":true,"template":"","format":"standard","meta":{"footnotes":""},"categories":[2331],"tags":[],"class_list":["post-21950","post","type-post","status-publish","format-standard","has-post-thumbnail","hentry","category-cultura"],"_links":{"self":[{"href":"https:\/\/blogdodanielgalvao.com.br\/site\/wp-json\/wp\/v2\/posts\/21950","targetHints":{"allow":["GET"]}}],"collection":[{"href":"https:\/\/blogdodanielgalvao.com.br\/site\/wp-json\/wp\/v2\/posts"}],"about":[{"href":"https:\/\/blogdodanielgalvao.com.br\/site\/wp-json\/wp\/v2\/types\/post"}],"author":[{"embeddable":true,"href":"https:\/\/blogdodanielgalvao.com.br\/site\/wp-json\/wp\/v2\/users\/2"}],"replies":[{"embeddable":true,"href":"https:\/\/blogdodanielgalvao.com.br\/site\/wp-json\/wp\/v2\/comments?post=21950"}],"version-history":[{"count":1,"href":"https:\/\/blogdodanielgalvao.com.br\/site\/wp-json\/wp\/v2\/posts\/21950\/revisions"}],"predecessor-version":[{"id":21952,"href":"https:\/\/blogdodanielgalvao.com.br\/site\/wp-json\/wp\/v2\/posts\/21950\/revisions\/21952"}],"wp:featuredmedia":[{"embeddable":true,"href":"https:\/\/blogdodanielgalvao.com.br\/site\/wp-json\/wp\/v2\/media\/21951"}],"wp:attachment":[{"href":"https:\/\/blogdodanielgalvao.com.br\/site\/wp-json\/wp\/v2\/media?parent=21950"}],"wp:term":[{"taxonomy":"category","embeddable":true,"href":"https:\/\/blogdodanielgalvao.com.br\/site\/wp-json\/wp\/v2\/categories?post=21950"},{"taxonomy":"post_tag","embeddable":true,"href":"https:\/\/blogdodanielgalvao.com.br\/site\/wp-json\/wp\/v2\/tags?post=21950"}],"curies":[{"name":"wp","href":"https:\/\/api.w.org\/{rel}","templated":true}]}}