{"id":21939,"date":"2025-08-07T16:48:42","date_gmt":"2025-08-07T19:48:42","guid":{"rendered":"https:\/\/blogdodanielgalvao.com.br\/site\/?p=21939"},"modified":"2025-08-07T16:48:42","modified_gmt":"2025-08-07T19:48:42","slug":"avaliacao-interna-prepara-escolas-de-cabo-frio-para-o-maior-exame-educacional-do-pais","status":"publish","type":"post","link":"https:\/\/blogdodanielgalvao.com.br\/site\/avaliacao-interna-prepara-escolas-de-cabo-frio-para-o-maior-exame-educacional-do-pais\/","title":{"rendered":"Avalia\u00e7\u00e3o interna prepara escolas de Cabo Frio para o maior exame educacional do pa\u00eds"},"content":{"rendered":"<p>A Secretaria Municipal de Educa\u00e7\u00e3o de Cabo Frio aplicou, ao longo desta semana, o Avalia Rede \u2014 uma prova diagn\u00f3stica que visa mensurar o n\u00edvel de aprendizagem dos estudantes e orientar o trabalho pedag\u00f3gico nas escolas. A a\u00e7\u00e3o abrange alunos do 1\u00ba, 2\u00ba e 5\u00ba ano do Ensino Fundamental I, al\u00e9m das turmas do 6\u00ba e 9\u00ba ano do Ensino Fundamental II.<\/p>\n<p>Com foco nas disciplinas de L\u00edngua Portuguesa e Matem\u00e1tica, o Avalia Rede tem dupla fun\u00e7\u00e3o: levantar indicadores precisos sobre o desempenho estudantil e servir como prepara\u00e7\u00e3o para o Sistema de Avalia\u00e7\u00e3o da Educa\u00e7\u00e3o B\u00e1sica (Saeb), exame de abrang\u00eancia nacional que mede a qualidade da educa\u00e7\u00e3o oferecida em todo o pa\u00eds.<\/p>\n<p>De acordo com a Secretaria, os dados obtidos a partir da avalia\u00e7\u00e3o interna ser\u00e3o analisados por equipes t\u00e9cnicas da SEME. A partir desses resultados, ser\u00e3o desenvolvidas estrat\u00e9gias mais eficazes para corrigir lacunas de aprendizagem e melhorar os \u00edndices educacionais do munic\u00edpio.<\/p>\n<p>O secret\u00e1rio municipal de Educa\u00e7\u00e3o, Alfredo Gon\u00e7alves, afirmou que a iniciativa \u00e9 uma ferramenta essencial para guiar o planejamento escolar com base em evid\u00eancias. &#8220;O Avalia Rede nos permite ter um retrato mais claro da realidade de cada turma. Isso nos d\u00e1 condi\u00e7\u00f5es de agir com mais precis\u00e3o, al\u00e9m de preparar os alunos para avalia\u00e7\u00f5es como o Saeb&#8221;, explicou.<\/p>\n<p>As atividades aconteceram com apoio das equipes pedag\u00f3gicas das unidades escolares e seguem alinhadas \u00e0s metas de aprimoramento da qualidade do ensino na rede p\u00fablica\u00a0municipal.<\/p>\n","protected":false},"excerpt":{"rendered":"<p>A Secretaria Municipal de Educa\u00e7\u00e3o de Cabo Frio aplicou, ao longo desta semana, o Avalia Rede \u2014 uma prova diagn\u00f3stica que visa mensurar o n\u00edvel de aprendizagem dos estudantes e orientar o trabalho pedag\u00f3gico nas escolas. A a\u00e7\u00e3o abrange alunos do 1\u00ba, 2\u00ba e 5\u00ba ano do Ensino Fundamental I, al\u00e9m das turmas do 6\u00ba [&hellip;]<\/p>\n","protected":false},"author":2,"featured_media":21940,"comment_status":"open","ping_status":"open","sticky":true,"template":"","format":"standard","meta":{"footnotes":""},"categories":[340],"tags":[1896],"class_list":["post-21939","post","type-post","status-publish","format-standard","has-post-thumbnail","hentry","category-cabo-frio","tag-destaque"],"_links":{"self":[{"href":"https:\/\/blogdodanielgalvao.com.br\/site\/wp-json\/wp\/v2\/posts\/21939","targetHints":{"allow":["GET"]}}],"collection":[{"href":"https:\/\/blogdodanielgalvao.com.br\/site\/wp-json\/wp\/v2\/posts"}],"about":[{"href":"https:\/\/blogdodanielgalvao.com.br\/site\/wp-json\/wp\/v2\/types\/post"}],"author":[{"embeddable":true,"href":"https:\/\/blogdodanielgalvao.com.br\/site\/wp-json\/wp\/v2\/users\/2"}],"replies":[{"embeddable":true,"href":"https:\/\/blogdodanielgalvao.com.br\/site\/wp-json\/wp\/v2\/comments?post=21939"}],"version-history":[{"count":1,"href":"https:\/\/blogdodanielgalvao.com.br\/site\/wp-json\/wp\/v2\/posts\/21939\/revisions"}],"predecessor-version":[{"id":21941,"href":"https:\/\/blogdodanielgalvao.com.br\/site\/wp-json\/wp\/v2\/posts\/21939\/revisions\/21941"}],"wp:featuredmedia":[{"embeddable":true,"href":"https:\/\/blogdodanielgalvao.com.br\/site\/wp-json\/wp\/v2\/media\/21940"}],"wp:attachment":[{"href":"https:\/\/blogdodanielgalvao.com.br\/site\/wp-json\/wp\/v2\/media?parent=21939"}],"wp:term":[{"taxonomy":"category","embeddable":true,"href":"https:\/\/blogdodanielgalvao.com.br\/site\/wp-json\/wp\/v2\/categories?post=21939"},{"taxonomy":"post_tag","embeddable":true,"href":"https:\/\/blogdodanielgalvao.com.br\/site\/wp-json\/wp\/v2\/tags?post=21939"}],"curies":[{"name":"wp","href":"https:\/\/api.w.org\/{rel}","templated":true}]}}