{"id":21918,"date":"2025-08-07T13:10:13","date_gmt":"2025-08-07T16:10:13","guid":{"rendered":"https:\/\/blogdodanielgalvao.com.br\/site\/?p=21918"},"modified":"2025-08-07T13:10:13","modified_gmt":"2025-08-07T16:10:13","slug":"hpm-amplia-cuidado-com-maes-ao-criar-sala-de-amamentacao-em-macae","status":"publish","type":"post","link":"https:\/\/blogdodanielgalvao.com.br\/site\/hpm-amplia-cuidado-com-maes-ao-criar-sala-de-amamentacao-em-macae\/","title":{"rendered":"HPM amplia cuidado com m\u00e3es ao criar sala de amamenta\u00e7\u00e3o em Maca\u00e9"},"content":{"rendered":"<p>O poder p\u00fablico de Maca\u00e9 segue promovendo avan\u00e7os e melhorias na sa\u00fade. Na \u00faltima quarta-feira (6), o contemplado foi o Hospital P\u00fablico Municipal (HPM), que recebeu uma nova Sala de Apoio \u00e0 Amamenta\u00e7\u00e3o. O espa\u00e7o funcionar\u00e1 em anexo a maternidade e funcionar\u00e1 todos os dias da semana com o objetivo de oferecer suporte \u00e0s m\u00e3es.<\/p>\n<p>O leite materno \u00e9 essencial nos seis primeiros meses de vida do beb\u00ea e exatamente por isso foi criado esse espa\u00e7o. Trata-se de um local reservado, limpo, confort\u00e1vel e acolhedor, criado especialmente para apoiar as mulheres em fase de amamenta\u00e7\u00e3o. O secret\u00e1rio de Sa\u00fade, Lucas Rodrigues falou sobre a iniciativa e o novo espa\u00e7o.<\/p>\n<p>\u201cO aleitamento \u00e9 importante para a sa\u00fade integral do beb\u00ea e a sala de acolhimento ter\u00e1 pessoas capacitadas para orientar a forma mais adequada de como a m\u00e3e poder\u00e1 amamentar o seu filho\u201d, disse.<\/p>\n<p>J\u00e1 a secret\u00e1ria de Alta e M\u00e9dia Complexidade da Secretaria de Sa\u00fade, Nat\u00e1lia Antunes, destacou a import\u00e2ncia da sala para as m\u00e3es em fase de amamenta\u00e7\u00e3o.<\/p>\n<p>\u201cNo contexto hospitalar, ela cumpre um papel essencial tanto para as pu\u00e9rperas com beb\u00eas internados na UTI neonatal, quanto para as colaboradoras do hospital que est\u00e3o amamentando e precisam manter a produ\u00e7\u00e3o de leite durante o expediente\u201d, acrescentou.<\/p>\n<p>Nat\u00e1lia destaca ainda que a cria\u00e7\u00e3o de uma Sala de Apoio \u00e0 Amamenta\u00e7\u00e3o \u00e9 um ato de responsabilidade institucional e social. Representa o cuidado com os rec\u00e9m-nascidos internados, respeito \u00e0s m\u00e3es trabalhadoras, e um forte compromisso com a sa\u00fade p\u00fablica e a humaniza\u00e7\u00e3o da assist\u00eancia.<\/p>\n<p>A presidente do Comit\u00ea de Aleitamento do HPM, a m\u00e9dica pediatra Michele Thomaz, destaca a import\u00e2ncia de se ter um espa\u00e7o equipado para receber as m\u00e3es que est\u00e3o internadas no hospital.<\/p>\n<p>\u201cO funcionamento da sala ser\u00e1 todos os dias, onde teremos roda de conversa e ainda os profissionais visitar\u00e3o as gestantes para passar a informa\u00e7\u00e3o sobre a import\u00e2ncia de se amamentar nos seis primeiros meses de vida do beb\u00ea, sem mitos\u201d, explicou.<\/p>\n<p>Ela informou ainda que a inten\u00e7\u00e3o da Secretaria de Sa\u00fade \u00e9 transformar o Comit\u00ea de Aleitamento do HPM, em municipal.<\/p>\n<p>\u201cEssa conquista \u00e9 fundamental para o munic\u00edpio\u201d, concluiu.<\/p>\n","protected":false},"excerpt":{"rendered":"<p>O poder p\u00fablico de Maca\u00e9 segue promovendo avan\u00e7os e melhorias na sa\u00fade. Na \u00faltima quarta-feira (6), o contemplado foi o Hospital P\u00fablico Municipal (HPM), que recebeu uma nova Sala de Apoio \u00e0 Amamenta\u00e7\u00e3o. O espa\u00e7o funcionar\u00e1 em anexo a maternidade e funcionar\u00e1 todos os dias da semana com o objetivo de oferecer suporte \u00e0s m\u00e3es. [&hellip;]<\/p>\n","protected":false},"author":2,"featured_media":21919,"comment_status":"open","ping_status":"open","sticky":true,"template":"","format":"standard","meta":{"footnotes":""},"categories":[2113],"tags":[2917],"class_list":["post-21918","post","type-post","status-publish","format-standard","has-post-thumbnail","hentry","category-saude","tag-sala-de-amamentacao-em-macae"],"_links":{"self":[{"href":"https:\/\/blogdodanielgalvao.com.br\/site\/wp-json\/wp\/v2\/posts\/21918","targetHints":{"allow":["GET"]}}],"collection":[{"href":"https:\/\/blogdodanielgalvao.com.br\/site\/wp-json\/wp\/v2\/posts"}],"about":[{"href":"https:\/\/blogdodanielgalvao.com.br\/site\/wp-json\/wp\/v2\/types\/post"}],"author":[{"embeddable":true,"href":"https:\/\/blogdodanielgalvao.com.br\/site\/wp-json\/wp\/v2\/users\/2"}],"replies":[{"embeddable":true,"href":"https:\/\/blogdodanielgalvao.com.br\/site\/wp-json\/wp\/v2\/comments?post=21918"}],"version-history":[{"count":1,"href":"https:\/\/blogdodanielgalvao.com.br\/site\/wp-json\/wp\/v2\/posts\/21918\/revisions"}],"predecessor-version":[{"id":21920,"href":"https:\/\/blogdodanielgalvao.com.br\/site\/wp-json\/wp\/v2\/posts\/21918\/revisions\/21920"}],"wp:featuredmedia":[{"embeddable":true,"href":"https:\/\/blogdodanielgalvao.com.br\/site\/wp-json\/wp\/v2\/media\/21919"}],"wp:attachment":[{"href":"https:\/\/blogdodanielgalvao.com.br\/site\/wp-json\/wp\/v2\/media?parent=21918"}],"wp:term":[{"taxonomy":"category","embeddable":true,"href":"https:\/\/blogdodanielgalvao.com.br\/site\/wp-json\/wp\/v2\/categories?post=21918"},{"taxonomy":"post_tag","embeddable":true,"href":"https:\/\/blogdodanielgalvao.com.br\/site\/wp-json\/wp\/v2\/tags?post=21918"}],"curies":[{"name":"wp","href":"https:\/\/api.w.org\/{rel}","templated":true}]}}