{"id":21911,"date":"2025-08-07T12:43:23","date_gmt":"2025-08-07T15:43:23","guid":{"rendered":"https:\/\/blogdodanielgalvao.com.br\/site\/?p=21911"},"modified":"2025-08-07T12:43:23","modified_gmt":"2025-08-07T15:43:23","slug":"retomada-dos-voos-comerciais-em-macae-e-pauta-de-encontro-no-rio","status":"publish","type":"post","link":"https:\/\/blogdodanielgalvao.com.br\/site\/retomada-dos-voos-comerciais-em-macae-e-pauta-de-encontro-no-rio\/","title":{"rendered":"Retomada dos voos comerciais em Maca\u00e9 \u00e9 pauta de encontro no Rio"},"content":{"rendered":"<p>A volta dos voos comerciais em Maca\u00e9 foi discutida durante uma reuni\u00e3o realizada na \u00faltima quarta-feira (6) na sede da Federa\u00e7\u00e3o de Convention &amp; Visitors Bureaux do Estado do Rio de Janeiro. O encontro aconteceu no Centro do Rio e contou com a presen\u00e7a de diversas autoridades.<\/p>\n<p>Maca\u00e9 esteve representada no encontro pelo prefeito Welberth Rezende, pelo secret\u00e1rio municipal de Desenvolvimento Econ\u00f4mico, Rodrigo Viana e o secret\u00e1rio de Turismo, L\u00e9o Anderson. J\u00e1 o Aeroporto de Maca\u00e9 esteve representado pela Zurich Aiport Brasil, empresa do Grupo Zurich Aiport e que tem 100% das opera\u00e7\u00f5es do aeroporto macaense. Outra presen\u00e7a importante foi a companhia Azul Linhas A\u00e9reas Brasileiras.<\/p>\n<p>Maca\u00e9 vive um grande momento em diversos aspectos, tanto econ\u00f4mico e social. O munic\u00edpio quer continuar crescendo e sabe que seria extremamente positiva a retomada dos voos comerciais, sobretudo para atender a nova demanda do munic\u00edpio.<\/p>\n<p>&#8220;Estamos intensificando nossos esfor\u00e7os para abordar essa quest\u00e3o, com a finalidade de que possamos continuar avan\u00e7ando nessa \u00e1rea mesmo entendendo as particularidades e a complexidade da situa\u00e7\u00e3o&#8221;, disse o prefeito de Maca\u00e9, Welberth Rezende.<\/p>\n<p>&#8220;A expectativa \u00e9 que a gente possa olhar para o futuro. O cen\u00e1rio \u00e9 desafiador, mas, ao mesmo tempo, Maca\u00e9 tem uma ind\u00fastria atuante, com enorme potencial de desenvolvimento. Vejo aqui que os interesses s\u00e3o comuns&#8221;, afirmou o Gerente de Opera\u00e7\u00f5es e Aeroportos da Zurich, Fernando Castro.<\/p>\n<p>&#8220;\u00c9 uma alegria muito grande estar aqui, para contribuir com essa discuss\u00e3o. Essa parceria, esse gesto das administradoras dos aeroportos de trazer as companhias a\u00e9reas para o centro de uma conversa t\u00e3o importante como essa, \u00e9 algo muito significativo e importante para n\u00f3s. Esse \u00e9 o tipo de roda de conversa que a gente quer e gosta de participar. Hoje o mercado \u00e9 muito sens\u00edvel. Este \u00e9 um mercado muito dif\u00edcil, de custos muito altos, e extremamente dolariozado&#8221;, detalhou a Gerente de Rela\u00e7\u00f5es Institucionais da Azul Linhas A\u00e9reas, Isabela Bettini.<\/p>\n<p>Ela acrescentou que a companhia n\u00e3o mede esfor\u00e7os para superar as adversidades moment\u00e2neas e ampliar novamente sua \u00e1rea de atua\u00e7\u00e3o no interior do pa\u00eds.<\/p>\n<p>Tamb\u00e9m estiveram presentes representantes de institui\u00e7\u00f5es empresariais, como a Federa\u00e7\u00e3o das Ind\u00fastrias do Estado do Rio de Janeiro (Firjan), a Associa\u00e7\u00e3o Brasileira das Empresas de Bens e Servi\u00e7os de Petr\u00f3leo (ABESPetro) e a Associa\u00e7\u00e3o Comercial e Industrial de Maca\u00e9 (Acim).<\/p>\n","protected":false},"excerpt":{"rendered":"<p>A volta dos voos comerciais em Maca\u00e9 foi discutida durante uma reuni\u00e3o realizada na \u00faltima quarta-feira (6) na sede da Federa\u00e7\u00e3o de Convention &amp; Visitors Bureaux do Estado do Rio de Janeiro. O encontro aconteceu no Centro do Rio e contou com a presen\u00e7a de diversas autoridades. Maca\u00e9 esteve representada no encontro pelo prefeito Welberth [&hellip;]<\/p>\n","protected":false},"author":2,"featured_media":21916,"comment_status":"open","ping_status":"open","sticky":true,"template":"","format":"standard","meta":{"footnotes":""},"categories":[2],"tags":[2916],"class_list":["post-21911","post","type-post","status-publish","format-standard","has-post-thumbnail","hentry","category-macae","tag-voos-comerciais-em-macae"],"_links":{"self":[{"href":"https:\/\/blogdodanielgalvao.com.br\/site\/wp-json\/wp\/v2\/posts\/21911","targetHints":{"allow":["GET"]}}],"collection":[{"href":"https:\/\/blogdodanielgalvao.com.br\/site\/wp-json\/wp\/v2\/posts"}],"about":[{"href":"https:\/\/blogdodanielgalvao.com.br\/site\/wp-json\/wp\/v2\/types\/post"}],"author":[{"embeddable":true,"href":"https:\/\/blogdodanielgalvao.com.br\/site\/wp-json\/wp\/v2\/users\/2"}],"replies":[{"embeddable":true,"href":"https:\/\/blogdodanielgalvao.com.br\/site\/wp-json\/wp\/v2\/comments?post=21911"}],"version-history":[{"count":1,"href":"https:\/\/blogdodanielgalvao.com.br\/site\/wp-json\/wp\/v2\/posts\/21911\/revisions"}],"predecessor-version":[{"id":21917,"href":"https:\/\/blogdodanielgalvao.com.br\/site\/wp-json\/wp\/v2\/posts\/21911\/revisions\/21917"}],"wp:featuredmedia":[{"embeddable":true,"href":"https:\/\/blogdodanielgalvao.com.br\/site\/wp-json\/wp\/v2\/media\/21916"}],"wp:attachment":[{"href":"https:\/\/blogdodanielgalvao.com.br\/site\/wp-json\/wp\/v2\/media?parent=21911"}],"wp:term":[{"taxonomy":"category","embeddable":true,"href":"https:\/\/blogdodanielgalvao.com.br\/site\/wp-json\/wp\/v2\/categories?post=21911"},{"taxonomy":"post_tag","embeddable":true,"href":"https:\/\/blogdodanielgalvao.com.br\/site\/wp-json\/wp\/v2\/tags?post=21911"}],"curies":[{"name":"wp","href":"https:\/\/api.w.org\/{rel}","templated":true}]}}