{"id":21806,"date":"2025-08-05T12:17:25","date_gmt":"2025-08-05T15:17:25","guid":{"rendered":"https:\/\/blogdodanielgalvao.com.br\/site\/?p=21806"},"modified":"2025-08-05T12:17:25","modified_gmt":"2025-08-05T15:17:25","slug":"municipio-de-cabo-frio-marca-presenca-em-iniciativa-federal-de-combate-a-violencia-contra-a-mulher","status":"publish","type":"post","link":"https:\/\/blogdodanielgalvao.com.br\/site\/municipio-de-cabo-frio-marca-presenca-em-iniciativa-federal-de-combate-a-violencia-contra-a-mulher\/","title":{"rendered":"Munic\u00edpio de Cabo Frio marca presen\u00e7a em iniciativa federal de combate \u00e0 viol\u00eancia contra a mulher"},"content":{"rendered":"<p>A cidade de Cabo Frio esteve representada, nesta segunda-feira (4), no lan\u00e7amento da pedra fundamental da Casa da Mulher Brasileira (CMB), no Rio de Janeiro. A participa\u00e7\u00e3o ocorreu por meio da Secretaria-Adjunta de Pol\u00edticas P\u00fablicas da Mulher.<\/p>\n<p>O projeto prev\u00ea a cria\u00e7\u00e3o de um centro de atendimento integrado e humanizado, voltado a mulheres em situa\u00e7\u00e3o de viol\u00eancia. No espa\u00e7o, ser\u00e3o oferecidos servi\u00e7os como acolhimento inicial, atendimento psicol\u00f3gico e social, al\u00e9m da presen\u00e7a de \u00f3rg\u00e3os como Delegacia Especializada, Juizado, Minist\u00e9rio P\u00fablico, Defensoria P\u00fablica e iniciativas que incentivem a autonomia financeira.<\/p>\n<p>A secret\u00e1ria-adjunta B\u00e1rbara Caetano enfatizou a import\u00e2ncia da a\u00e7\u00e3o: \u201cEsse \u00e9 um marco importante para o fortalecimento da rede de prote\u00e7\u00e3o \u00e0s mulheres em todo o estado do Rio de Janeiro\u201d.<\/p>\n<p>Na imagem registrada no evento, a equipe da Secretaria-Adjunta da Mulher de Cabo Frio \u2014 representando os 1\u00ba e 2\u00ba distritos \u2014 aparece ao lado da Ministra das Mulheres, M\u00e1rcia Lopes, e da Secret\u00e1ria Estadual da Mulher, Helo\u00edsa Aguiar.<\/p>\n<p>A iniciativa simboliza um avan\u00e7o concreto na pol\u00edtica p\u00fablica de enfrentamento \u00e0 viol\u00eancia de g\u00eanero\u00a0no\u00a0estado.<\/p>\n","protected":false},"excerpt":{"rendered":"<p>A cidade de Cabo Frio esteve representada, nesta segunda-feira (4), no lan\u00e7amento da pedra fundamental da Casa da Mulher Brasileira (CMB), no Rio de Janeiro. A participa\u00e7\u00e3o ocorreu por meio da Secretaria-Adjunta de Pol\u00edticas P\u00fablicas da Mulher. O projeto prev\u00ea a cria\u00e7\u00e3o de um centro de atendimento integrado e humanizado, voltado a mulheres em situa\u00e7\u00e3o [&hellip;]<\/p>\n","protected":false},"author":2,"featured_media":21808,"comment_status":"open","ping_status":"open","sticky":true,"template":"","format":"standard","meta":{"footnotes":""},"categories":[340],"tags":[1896],"class_list":["post-21806","post","type-post","status-publish","format-standard","has-post-thumbnail","hentry","category-cabo-frio","tag-destaque"],"_links":{"self":[{"href":"https:\/\/blogdodanielgalvao.com.br\/site\/wp-json\/wp\/v2\/posts\/21806","targetHints":{"allow":["GET"]}}],"collection":[{"href":"https:\/\/blogdodanielgalvao.com.br\/site\/wp-json\/wp\/v2\/posts"}],"about":[{"href":"https:\/\/blogdodanielgalvao.com.br\/site\/wp-json\/wp\/v2\/types\/post"}],"author":[{"embeddable":true,"href":"https:\/\/blogdodanielgalvao.com.br\/site\/wp-json\/wp\/v2\/users\/2"}],"replies":[{"embeddable":true,"href":"https:\/\/blogdodanielgalvao.com.br\/site\/wp-json\/wp\/v2\/comments?post=21806"}],"version-history":[{"count":1,"href":"https:\/\/blogdodanielgalvao.com.br\/site\/wp-json\/wp\/v2\/posts\/21806\/revisions"}],"predecessor-version":[{"id":21809,"href":"https:\/\/blogdodanielgalvao.com.br\/site\/wp-json\/wp\/v2\/posts\/21806\/revisions\/21809"}],"wp:featuredmedia":[{"embeddable":true,"href":"https:\/\/blogdodanielgalvao.com.br\/site\/wp-json\/wp\/v2\/media\/21808"}],"wp:attachment":[{"href":"https:\/\/blogdodanielgalvao.com.br\/site\/wp-json\/wp\/v2\/media?parent=21806"}],"wp:term":[{"taxonomy":"category","embeddable":true,"href":"https:\/\/blogdodanielgalvao.com.br\/site\/wp-json\/wp\/v2\/categories?post=21806"},{"taxonomy":"post_tag","embeddable":true,"href":"https:\/\/blogdodanielgalvao.com.br\/site\/wp-json\/wp\/v2\/tags?post=21806"}],"curies":[{"name":"wp","href":"https:\/\/api.w.org\/{rel}","templated":true}]}}