{"id":21803,"date":"2025-08-05T12:00:00","date_gmt":"2025-08-05T15:00:00","guid":{"rendered":"https:\/\/blogdodanielgalvao.com.br\/site\/?p=21803"},"modified":"2025-08-05T12:00:00","modified_gmt":"2025-08-05T15:00:00","slug":"silva-jardim-acompanha-governo-federal-com-engajamento-a-campanha-do-agosto-lilas-2025","status":"publish","type":"post","link":"https:\/\/blogdodanielgalvao.com.br\/site\/silva-jardim-acompanha-governo-federal-com-engajamento-a-campanha-do-agosto-lilas-2025\/","title":{"rendered":"Silva Jardim acompanha governo federal com engajamento \u00e0 campanha do Agosto Lil\u00e1s 2025"},"content":{"rendered":"<p style=\"text-align: left;\">A Prefeitura de Silvas Jardim refor\u00e7ou, nessa segunda-feira, 4, o engajamento \u00e0 campanha brasileira do Agosto Lil\u00e1s, que se tornou oficial em 2022, e marca o M\u00eas de Conscientiza\u00e7\u00e3o pelo Fim da Viol\u00eancia contra a Mulher em todo o pa\u00eds.<\/p>\n<p>O posicionamento do munic\u00edpio acompanha a tem\u00e1tica estabelecida pelo Minist\u00e9rio das Mulheres, do governo federal, divulgada tamb\u00e9m nessa segunda-feira, com a frase \u201cN\u00e3o deixe chegar ao fim da linha. Ligue 180\u201d, ressaltando a import\u00e2ncia da Lei Maria da Penha como instrumentos de prote\u00e7\u00e3o e transforma\u00e7\u00e3o de vidas das mulheres.<\/p>\n<p>\u201cO m\u00eas de agosto \u00e9 marcado pela campanha Agosto Lil\u00e1s, que refor\u00e7a a import\u00e2ncia do enfrentamento \u00e0 viol\u00eancia contra a mulher e da promo\u00e7\u00e3o de uma sociedade mais justa, segura e igualit\u00e1ria. A viol\u00eancia contra a mulher pode ser f\u00edsica, psicol\u00f3gica, sexual, patrimonial ou moral \u2013 e nenhuma dessas formas deve ser silenciada. \u00c9 dever de todos proteger, acolher e garantir que toda mulher viva com dignidade e liberdade\u201d, alertou a prefeitura.<\/p>\n<p>No munic\u00edpio, a gest\u00e3o da prefeita Maira Figueiredo (MDB) reafirmou o compromisso com a seguran\u00e7a e a prote\u00e7\u00e3o dos direitos das mulheres, com a realiza\u00e7\u00e3o mensal de a\u00e7\u00f5es de orienta\u00e7\u00e3o, escuta qualificada e acolhimento de mulheres v\u00edtimas de viol\u00eancia.<\/p>\n<p>O atendimento \u00e9 feito em parceria entre a Secretaria de Assist\u00eancia Social e Trabalho, com a Subsecretaria Especial dos Direitos da Mulher e Minorias, atrav\u00e9s de unidades como o Centro de Refer\u00eancia de Assist\u00eancia Social (CRAS), e o Centro de Refer\u00eancia Especializado de Assist\u00eancia Social (CREAS).<\/p>\n<p>\u201cProteger as mulheres \u00e9 fortalecer fam\u00edlias, v\u00ednculos e toda a comunidade. Diga n\u00e3o \u00e0 viol\u00eancia. Denuncie. Voc\u00ea n\u00e3o est\u00e1 sozinha\u201d, recordou a prefeitura.<\/p>\n<p>Para denunciar casos de viol\u00eancia contra a mulher no munic\u00edpio, al\u00e9m do 180, da Central de Atendimento \u00e0 Mulher, a popula\u00e7\u00e3o conta ainda com o 190, telefone de Emerg\u00eancia da Pol\u00edcia Militar (PM), e o (21) 97883-7923, da Patrulha Maria da Penha, que recebe chamadas e mensagens de WhatsApp.<\/p>\n","protected":false},"excerpt":{"rendered":"<p>A Prefeitura de Silvas Jardim refor\u00e7ou, nessa segunda-feira, 4, o engajamento \u00e0 campanha brasileira do Agosto Lil\u00e1s, que se tornou oficial em 2022, e marca o M\u00eas de Conscientiza\u00e7\u00e3o pelo Fim da Viol\u00eancia contra a Mulher em todo o pa\u00eds. O posicionamento do munic\u00edpio acompanha a tem\u00e1tica estabelecida pelo Minist\u00e9rio das Mulheres, do governo federal, [&hellip;]<\/p>\n","protected":false},"author":2,"featured_media":21804,"comment_status":"open","ping_status":"open","sticky":true,"template":"","format":"standard","meta":{"footnotes":""},"categories":[2113,2155],"tags":[2915],"class_list":["post-21803","post","type-post","status-publish","format-standard","has-post-thumbnail","hentry","category-saude","category-seguranca-publica","tag-agosto-lilas"],"_links":{"self":[{"href":"https:\/\/blogdodanielgalvao.com.br\/site\/wp-json\/wp\/v2\/posts\/21803","targetHints":{"allow":["GET"]}}],"collection":[{"href":"https:\/\/blogdodanielgalvao.com.br\/site\/wp-json\/wp\/v2\/posts"}],"about":[{"href":"https:\/\/blogdodanielgalvao.com.br\/site\/wp-json\/wp\/v2\/types\/post"}],"author":[{"embeddable":true,"href":"https:\/\/blogdodanielgalvao.com.br\/site\/wp-json\/wp\/v2\/users\/2"}],"replies":[{"embeddable":true,"href":"https:\/\/blogdodanielgalvao.com.br\/site\/wp-json\/wp\/v2\/comments?post=21803"}],"version-history":[{"count":1,"href":"https:\/\/blogdodanielgalvao.com.br\/site\/wp-json\/wp\/v2\/posts\/21803\/revisions"}],"predecessor-version":[{"id":21805,"href":"https:\/\/blogdodanielgalvao.com.br\/site\/wp-json\/wp\/v2\/posts\/21803\/revisions\/21805"}],"wp:featuredmedia":[{"embeddable":true,"href":"https:\/\/blogdodanielgalvao.com.br\/site\/wp-json\/wp\/v2\/media\/21804"}],"wp:attachment":[{"href":"https:\/\/blogdodanielgalvao.com.br\/site\/wp-json\/wp\/v2\/media?parent=21803"}],"wp:term":[{"taxonomy":"category","embeddable":true,"href":"https:\/\/blogdodanielgalvao.com.br\/site\/wp-json\/wp\/v2\/categories?post=21803"},{"taxonomy":"post_tag","embeddable":true,"href":"https:\/\/blogdodanielgalvao.com.br\/site\/wp-json\/wp\/v2\/tags?post=21803"}],"curies":[{"name":"wp","href":"https:\/\/api.w.org\/{rel}","templated":true}]}}