{"id":21800,"date":"2025-08-05T11:48:14","date_gmt":"2025-08-05T14:48:14","guid":{"rendered":"https:\/\/blogdodanielgalvao.com.br\/site\/?p=21800"},"modified":"2025-08-05T11:48:14","modified_gmt":"2025-08-05T14:48:14","slug":"espetaculo-de-rio-das-ostras-sera-apresentado-em-nova-friburgo-nessa-semana","status":"publish","type":"post","link":"https:\/\/blogdodanielgalvao.com.br\/site\/espetaculo-de-rio-das-ostras-sera-apresentado-em-nova-friburgo-nessa-semana\/","title":{"rendered":"Espet\u00e1culo de Rio das Ostras ser\u00e1 apresentado em Nova Friburgo nessa semana"},"content":{"rendered":"<p>O espet\u00e1culo teatral \u201cCarukango\u201d, estrelado pelo ator, cantor e diretor Darling Mendon\u00e7a, de Rio das Ostras, ter\u00e1 apresenta\u00e7\u00e3o \u00fanica nessa quarta-feira, 7, no Teatro Municipal Laercio Rangel Ventura, de Nova Friburgo.<\/p>\n<p>Com ingressos gratuitos, o mon\u00f3logo aborda a vida do l\u00edder quilombola mo\u00e7ambicano Carukango, considerado um exemplo de resist\u00eancia contra a escravid\u00e3o negra na regi\u00e3o serrana de Maca\u00e9 e Concei\u00e7\u00e3o de Macabu, no Norte Fluminense.<\/p>\n<p>Dirigido por Yuri Negreiros, que tamb\u00e9m assina a dramaturgia, constru\u00edda a partir de investiga\u00e7\u00f5es feitas por meio do candombl\u00e9 ketu-Nag\u00f4, maculel\u00ea, cantos vissungos, capoeira e diversas outras manifesta\u00e7\u00f5es populares, o espet\u00e1culo tem como estrutura dramat\u00fargica textual a biografia de Carukango.<\/p>\n<p>Considerada pela Federa\u00e7\u00e3o das Ind\u00fastrias do Estado do Rio (Firjan) como um dos espet\u00e1culos mais relevantes da Baixada Litor\u00e2nea, a pe\u00e7a \u201cCarukango\u201d conquistou reconhecimento em diversos festivais no Rio e em S\u00e3o Paulo.<\/p>\n<p>Entre eles est\u00e3o o Festival de Cenas Curtas de Maca\u00e9 (FESTIM), e o Festival de Teatro e Conta\u00e7\u00e3o de Hist\u00f3rias, de Campos dos Goytacazes, al\u00e9m do Festival Satyrianas, de S\u00e3o Paulo, apontado como o maior festival de teatro da Am\u00e9rica Latina, e o Festival de Teatro Amir Haddad, do Rio.<\/p>\n<p>Com dura\u00e7\u00e3o de 60 minutos, o espet\u00e1culo tem assist\u00eancia de dire\u00e7\u00e3o de Peterson Feroli, ilumina\u00e7\u00e3o de Rennan Magalh\u00e3es, m\u00fasica de Marcelo Rodrigues, produ\u00e7\u00e3o de Luisa Pasquali, e realiza\u00e7\u00e3o do N\u00facleo de Experimentos C\u00eanicos (NEC), de Rio das Ostras.<\/p>\n<p>O projeto \u00e9 realizado por meio do Governo Federal, Minist\u00e9rio da Cultura, Governo do Estado do Rio de Janeiro, Secretaria de Estado de Cultura e Economia Criativa do Rio de Janeiro, atrav\u00e9s da Pol\u00edtica Nacional Aldir Blanc de Fomento \u00e0 Cultura (PNAB).<\/p>\n","protected":false},"excerpt":{"rendered":"<p>O espet\u00e1culo teatral \u201cCarukango\u201d, estrelado pelo ator, cantor e diretor Darling Mendon\u00e7a, de Rio das Ostras, ter\u00e1 apresenta\u00e7\u00e3o \u00fanica nessa quarta-feira, 7, no Teatro Municipal Laercio Rangel Ventura, de Nova Friburgo. Com ingressos gratuitos, o mon\u00f3logo aborda a vida do l\u00edder quilombola mo\u00e7ambicano Carukango, considerado um exemplo de resist\u00eancia contra a escravid\u00e3o negra na regi\u00e3o [&hellip;]<\/p>\n","protected":false},"author":2,"featured_media":21801,"comment_status":"open","ping_status":"open","sticky":true,"template":"","format":"standard","meta":{"footnotes":""},"categories":[2331],"tags":[2914],"class_list":["post-21800","post","type-post","status-publish","format-standard","has-post-thumbnail","hentry","category-cultura","tag-espetaculo-carukango"],"_links":{"self":[{"href":"https:\/\/blogdodanielgalvao.com.br\/site\/wp-json\/wp\/v2\/posts\/21800","targetHints":{"allow":["GET"]}}],"collection":[{"href":"https:\/\/blogdodanielgalvao.com.br\/site\/wp-json\/wp\/v2\/posts"}],"about":[{"href":"https:\/\/blogdodanielgalvao.com.br\/site\/wp-json\/wp\/v2\/types\/post"}],"author":[{"embeddable":true,"href":"https:\/\/blogdodanielgalvao.com.br\/site\/wp-json\/wp\/v2\/users\/2"}],"replies":[{"embeddable":true,"href":"https:\/\/blogdodanielgalvao.com.br\/site\/wp-json\/wp\/v2\/comments?post=21800"}],"version-history":[{"count":1,"href":"https:\/\/blogdodanielgalvao.com.br\/site\/wp-json\/wp\/v2\/posts\/21800\/revisions"}],"predecessor-version":[{"id":21802,"href":"https:\/\/blogdodanielgalvao.com.br\/site\/wp-json\/wp\/v2\/posts\/21800\/revisions\/21802"}],"wp:featuredmedia":[{"embeddable":true,"href":"https:\/\/blogdodanielgalvao.com.br\/site\/wp-json\/wp\/v2\/media\/21801"}],"wp:attachment":[{"href":"https:\/\/blogdodanielgalvao.com.br\/site\/wp-json\/wp\/v2\/media?parent=21800"}],"wp:term":[{"taxonomy":"category","embeddable":true,"href":"https:\/\/blogdodanielgalvao.com.br\/site\/wp-json\/wp\/v2\/categories?post=21800"},{"taxonomy":"post_tag","embeddable":true,"href":"https:\/\/blogdodanielgalvao.com.br\/site\/wp-json\/wp\/v2\/tags?post=21800"}],"curies":[{"name":"wp","href":"https:\/\/api.w.org\/{rel}","templated":true}]}}