{"id":21796,"date":"2025-08-05T11:38:58","date_gmt":"2025-08-05T14:38:58","guid":{"rendered":"https:\/\/blogdodanielgalvao.com.br\/site\/?p=21796"},"modified":"2025-08-05T11:38:58","modified_gmt":"2025-08-05T14:38:58","slug":"artesaos-e-empresarios-denunciam-pressoes-no-setor-turistico-de-arraial","status":"publish","type":"post","link":"https:\/\/blogdodanielgalvao.com.br\/site\/artesaos-e-empresarios-denunciam-pressoes-no-setor-turistico-de-arraial\/","title":{"rendered":"Artes\u00e3os e empres\u00e1rios denunciam press\u00f5es no setor tur\u00edstico de Arraial"},"content":{"rendered":"<p>A atua\u00e7\u00e3o de alguns guias de turismo em Arraial do Cabo levantou preocupa\u00e7\u00f5es entre artes\u00e3os e empres\u00e1rios locais, que procuraram apoio das autoridades para denunciar pr\u00e1ticas irregulares no setor. Em resposta, o Procon e a Secretaria de Turismo do munic\u00edpio se reuniram, nesta segunda-feira (04), com os trabalhadores e com o vereador Tayron Carlos, que acompanhou as tratativas.<\/p>\n<p>Segundo relatos apresentados durante o encontro, h\u00e1 casos em que turistas s\u00e3o direcionados, de forma insistente, a consumir produtos ou servi\u00e7os em pontos espec\u00edficos, sob a promessa de vantagens. Essa pr\u00e1tica estaria vinculada ao pagamento de comiss\u00f5es, interferindo na livre escolha dos consumidores e impactando negativamente a economia local.<\/p>\n<p>Durante a conversa, os secret\u00e1rios orientaram os presentes sobre os canais adequados para formalizar den\u00fancias, refor\u00e7ando a necessidade de relatar todos os epis\u00f3dios de forma documentada.<\/p>\n<p>As pastas de Turismo e de Defesa do Consumidor prometeram acompanhar o caso de perto e adotar provid\u00eancias para coibir esse tipo de abordagem, garantindo um ambiente comercial mais justo\u00a0e\u00a0equilibrado.<\/p>\n","protected":false},"excerpt":{"rendered":"<p>A atua\u00e7\u00e3o de alguns guias de turismo em Arraial do Cabo levantou preocupa\u00e7\u00f5es entre artes\u00e3os e empres\u00e1rios locais, que procuraram apoio das autoridades para denunciar pr\u00e1ticas irregulares no setor. Em resposta, o Procon e a Secretaria de Turismo do munic\u00edpio se reuniram, nesta segunda-feira (04), com os trabalhadores e com o vereador Tayron Carlos, que [&hellip;]<\/p>\n","protected":false},"author":2,"featured_media":21797,"comment_status":"open","ping_status":"open","sticky":true,"template":"","format":"standard","meta":{"footnotes":""},"categories":[838],"tags":[1896],"class_list":["post-21796","post","type-post","status-publish","format-standard","has-post-thumbnail","hentry","category-arraial-do-cabo","tag-destaque"],"_links":{"self":[{"href":"https:\/\/blogdodanielgalvao.com.br\/site\/wp-json\/wp\/v2\/posts\/21796","targetHints":{"allow":["GET"]}}],"collection":[{"href":"https:\/\/blogdodanielgalvao.com.br\/site\/wp-json\/wp\/v2\/posts"}],"about":[{"href":"https:\/\/blogdodanielgalvao.com.br\/site\/wp-json\/wp\/v2\/types\/post"}],"author":[{"embeddable":true,"href":"https:\/\/blogdodanielgalvao.com.br\/site\/wp-json\/wp\/v2\/users\/2"}],"replies":[{"embeddable":true,"href":"https:\/\/blogdodanielgalvao.com.br\/site\/wp-json\/wp\/v2\/comments?post=21796"}],"version-history":[{"count":1,"href":"https:\/\/blogdodanielgalvao.com.br\/site\/wp-json\/wp\/v2\/posts\/21796\/revisions"}],"predecessor-version":[{"id":21799,"href":"https:\/\/blogdodanielgalvao.com.br\/site\/wp-json\/wp\/v2\/posts\/21796\/revisions\/21799"}],"wp:featuredmedia":[{"embeddable":true,"href":"https:\/\/blogdodanielgalvao.com.br\/site\/wp-json\/wp\/v2\/media\/21797"}],"wp:attachment":[{"href":"https:\/\/blogdodanielgalvao.com.br\/site\/wp-json\/wp\/v2\/media?parent=21796"}],"wp:term":[{"taxonomy":"category","embeddable":true,"href":"https:\/\/blogdodanielgalvao.com.br\/site\/wp-json\/wp\/v2\/categories?post=21796"},{"taxonomy":"post_tag","embeddable":true,"href":"https:\/\/blogdodanielgalvao.com.br\/site\/wp-json\/wp\/v2\/tags?post=21796"}],"curies":[{"name":"wp","href":"https:\/\/api.w.org\/{rel}","templated":true}]}}