{"id":21793,"date":"2025-08-05T11:09:12","date_gmt":"2025-08-05T14:09:12","guid":{"rendered":"https:\/\/blogdodanielgalvao.com.br\/site\/?p=21793"},"modified":"2025-08-05T11:09:12","modified_gmt":"2025-08-05T14:09:12","slug":"estiagem-e-ventos-elevam-perigo-de-queimadas-no-municipio-de-cabo-frio","status":"publish","type":"post","link":"https:\/\/blogdodanielgalvao.com.br\/site\/estiagem-e-ventos-elevam-perigo-de-queimadas-no-municipio-de-cabo-frio\/","title":{"rendered":"Estiagem e ventos elevam perigo de queimadas no munic\u00edpio de Cabo Frio"},"content":{"rendered":"<p>Cabo Frio est\u00e1 em estado de aten\u00e7\u00e3o extrema devido ao risco elevado de inc\u00eandios em \u00e1reas de vegeta\u00e7\u00e3o. A combina\u00e7\u00e3o de estiagem prolongada, ventos constantes e baixa umidade relativa do ar cria um cen\u00e1rio prop\u00edcio para focos de fogo, exigindo cautela da popula\u00e7\u00e3o.<\/p>\n<p>A cidade, assim como diversas regi\u00f5es do Estado do Rio de Janeiro, encontra-se em n\u00edvel de risco muito alto para inc\u00eandios florestais. A Defesa Civil municipal segue em monitoramento cont\u00ednuo, em articula\u00e7\u00e3o direta com o Corpo de Bombeiros, pronta para agir em caso de emerg\u00eancia.<\/p>\n<p>Diante da situa\u00e7\u00e3o, os \u00f3rg\u00e3os de seguran\u00e7a e meio ambiente fazem um apelo \u00e0 conscientiza\u00e7\u00e3o da comunidade: evite qualquer tipo de queimada, descarte correto de res\u00edduos e atitudes que possam provocar fogo em \u00e1reas verdes.<\/p>\n<p>Em casos suspeitos ou flagrantes de inc\u00eandio, os moradores podem acionar imediatamente os seguintes canais:<\/p>\n<p>&nbsp;<\/p>\n<p>* 193 \u2013 Corpo de Bombeiros<\/p>\n<p>* 199 \u2013 Defesa Civil<\/p>\n<p>* (21) 2253-1177 \u2013 Instituto Estadual do Ambiente (Inea)<\/p>\n<p>&nbsp;<\/p>\n<p>A colabora\u00e7\u00e3o da popula\u00e7\u00e3o \u00e9 essencial para proteger o meio ambiente, evitar danos irrevers\u00edveis \u00e0 fauna e flora e garantir a seguran\u00e7a\u00a0de\u00a0todos.<\/p>\n","protected":false},"excerpt":{"rendered":"<p>Cabo Frio est\u00e1 em estado de aten\u00e7\u00e3o extrema devido ao risco elevado de inc\u00eandios em \u00e1reas de vegeta\u00e7\u00e3o. A combina\u00e7\u00e3o de estiagem prolongada, ventos constantes e baixa umidade relativa do ar cria um cen\u00e1rio prop\u00edcio para focos de fogo, exigindo cautela da popula\u00e7\u00e3o. A cidade, assim como diversas regi\u00f5es do Estado do Rio de Janeiro, [&hellip;]<\/p>\n","protected":false},"author":2,"featured_media":21794,"comment_status":"open","ping_status":"open","sticky":true,"template":"","format":"standard","meta":{"footnotes":""},"categories":[340],"tags":[1896],"class_list":["post-21793","post","type-post","status-publish","format-standard","has-post-thumbnail","hentry","category-cabo-frio","tag-destaque"],"_links":{"self":[{"href":"https:\/\/blogdodanielgalvao.com.br\/site\/wp-json\/wp\/v2\/posts\/21793","targetHints":{"allow":["GET"]}}],"collection":[{"href":"https:\/\/blogdodanielgalvao.com.br\/site\/wp-json\/wp\/v2\/posts"}],"about":[{"href":"https:\/\/blogdodanielgalvao.com.br\/site\/wp-json\/wp\/v2\/types\/post"}],"author":[{"embeddable":true,"href":"https:\/\/blogdodanielgalvao.com.br\/site\/wp-json\/wp\/v2\/users\/2"}],"replies":[{"embeddable":true,"href":"https:\/\/blogdodanielgalvao.com.br\/site\/wp-json\/wp\/v2\/comments?post=21793"}],"version-history":[{"count":1,"href":"https:\/\/blogdodanielgalvao.com.br\/site\/wp-json\/wp\/v2\/posts\/21793\/revisions"}],"predecessor-version":[{"id":21795,"href":"https:\/\/blogdodanielgalvao.com.br\/site\/wp-json\/wp\/v2\/posts\/21793\/revisions\/21795"}],"wp:featuredmedia":[{"embeddable":true,"href":"https:\/\/blogdodanielgalvao.com.br\/site\/wp-json\/wp\/v2\/media\/21794"}],"wp:attachment":[{"href":"https:\/\/blogdodanielgalvao.com.br\/site\/wp-json\/wp\/v2\/media?parent=21793"}],"wp:term":[{"taxonomy":"category","embeddable":true,"href":"https:\/\/blogdodanielgalvao.com.br\/site\/wp-json\/wp\/v2\/categories?post=21793"},{"taxonomy":"post_tag","embeddable":true,"href":"https:\/\/blogdodanielgalvao.com.br\/site\/wp-json\/wp\/v2\/tags?post=21793"}],"curies":[{"name":"wp","href":"https:\/\/api.w.org\/{rel}","templated":true}]}}