{"id":21790,"date":"2025-08-05T10:54:05","date_gmt":"2025-08-05T13:54:05","guid":{"rendered":"https:\/\/blogdodanielgalvao.com.br\/site\/?p=21790"},"modified":"2025-08-05T10:54:05","modified_gmt":"2025-08-05T13:54:05","slug":"arraial-do-cabo-promove-acoes-educativas-em-apoio-a-amamentacao","status":"publish","type":"post","link":"https:\/\/blogdodanielgalvao.com.br\/site\/arraial-do-cabo-promove-acoes-educativas-em-apoio-a-amamentacao\/","title":{"rendered":"Arraial do Cabo promove a\u00e7\u00f5es educativas em apoio \u00e0 amamenta\u00e7\u00e3o"},"content":{"rendered":"<p>A campanha nacional Agosto Dourado, que destaca a import\u00e2ncia da amamenta\u00e7\u00e3o nos primeiros meses de vida, ser\u00e1 marcada por uma s\u00e9rie de a\u00e7\u00f5es informativas em Arraial do Cabo. Durante todo o m\u00eas de agosto, a Secretaria Municipal de Sa\u00fade promove atividades nas unidades de sa\u00fade da cidade com foco no aleitamento materno.<\/p>\n<p>Considerado o alimento mais completo para os beb\u00eas, o leite materno \u00e9 reconhecido por sua capacidade de fortalecer o sistema imunol\u00f3gico, garantir um desenvolvimento equilibrado e estreitar o v\u00ednculo entre m\u00e3e e filho. O movimento Agosto Dourado, simbolizado pela cor do \u201couro\u201d, busca conscientizar a popula\u00e7\u00e3o sobre o valor desse gesto natural e essencial.<\/p>\n<p>A programa\u00e7\u00e3o inclui rodas de conversa, palestras com especialistas, acolhimento individualizado e atendimentos voltados a gestantes, m\u00e3es recentes e seus familiares. As a\u00e7\u00f5es pretendem esclarecer d\u00favidas frequentes, ampliar o acesso \u00e0 informa\u00e7\u00e3o e fortalecer o suporte oferecido pelas equipes de sa\u00fade.<\/p>\n<p>&nbsp;<\/p>\n<p><strong>As atividades ocorrem nas seguintes datas e locais:\u00a0\u00a0\u00a0 <\/strong><\/p>\n<p>&nbsp;<\/p>\n<p>* Boa Vista: 06\/08 \u00e0s 09h<\/p>\n<p>* Cana\u00e3: 13\/08 \u00e0s 09h<\/p>\n<p>* Monte Alto: 11\/08 \u00e0s 13h<\/p>\n<p>* Figueira: 18\/08 \u00e0s 13h<\/p>\n<p>* Sabi\u00e1: 29\/08 \u00e0s 13h<\/p>\n<p>* Cabocla: 12\/08 \u00e0s 13h<\/p>\n<p>* Prainha: 28\/08 \u00e0s 13h<\/p>\n<p>* Hermes: 22\/08 \u00e0s 15h<\/p>\n<p>&nbsp;<\/p>\n<p>Segundo o secret\u00e1rio de Sa\u00fade, Jorge Diniz, \u201camamentar \u00e9 um direito fundamental da crian\u00e7a e uma responsabilidade compartilhada. Cabe ao poder p\u00fablico garantir \u00e0s m\u00e3es o suporte necess\u00e1rio para que esse processo ocorra com seguran\u00e7a, informa\u00e7\u00e3o e acolhimento\u201d.<\/p>\n<p>Moradores interessados podem procurar a unidade mais pr\u00f3xima para participar e receber orienta\u00e7\u00f5es personalizadas. As a\u00e7\u00f5es s\u00e3o abertas ao p\u00fablico\u00a0e\u00a0gratuitas.<\/p>\n","protected":false},"excerpt":{"rendered":"<p>A campanha nacional Agosto Dourado, que destaca a import\u00e2ncia da amamenta\u00e7\u00e3o nos primeiros meses de vida, ser\u00e1 marcada por uma s\u00e9rie de a\u00e7\u00f5es informativas em Arraial do Cabo. Durante todo o m\u00eas de agosto, a Secretaria Municipal de Sa\u00fade promove atividades nas unidades de sa\u00fade da cidade com foco no aleitamento materno. Considerado o alimento [&hellip;]<\/p>\n","protected":false},"author":2,"featured_media":21791,"comment_status":"open","ping_status":"open","sticky":true,"template":"","format":"standard","meta":{"footnotes":""},"categories":[838],"tags":[1896],"class_list":["post-21790","post","type-post","status-publish","format-standard","has-post-thumbnail","hentry","category-arraial-do-cabo","tag-destaque"],"_links":{"self":[{"href":"https:\/\/blogdodanielgalvao.com.br\/site\/wp-json\/wp\/v2\/posts\/21790","targetHints":{"allow":["GET"]}}],"collection":[{"href":"https:\/\/blogdodanielgalvao.com.br\/site\/wp-json\/wp\/v2\/posts"}],"about":[{"href":"https:\/\/blogdodanielgalvao.com.br\/site\/wp-json\/wp\/v2\/types\/post"}],"author":[{"embeddable":true,"href":"https:\/\/blogdodanielgalvao.com.br\/site\/wp-json\/wp\/v2\/users\/2"}],"replies":[{"embeddable":true,"href":"https:\/\/blogdodanielgalvao.com.br\/site\/wp-json\/wp\/v2\/comments?post=21790"}],"version-history":[{"count":1,"href":"https:\/\/blogdodanielgalvao.com.br\/site\/wp-json\/wp\/v2\/posts\/21790\/revisions"}],"predecessor-version":[{"id":21792,"href":"https:\/\/blogdodanielgalvao.com.br\/site\/wp-json\/wp\/v2\/posts\/21790\/revisions\/21792"}],"wp:featuredmedia":[{"embeddable":true,"href":"https:\/\/blogdodanielgalvao.com.br\/site\/wp-json\/wp\/v2\/media\/21791"}],"wp:attachment":[{"href":"https:\/\/blogdodanielgalvao.com.br\/site\/wp-json\/wp\/v2\/media?parent=21790"}],"wp:term":[{"taxonomy":"category","embeddable":true,"href":"https:\/\/blogdodanielgalvao.com.br\/site\/wp-json\/wp\/v2\/categories?post=21790"},{"taxonomy":"post_tag","embeddable":true,"href":"https:\/\/blogdodanielgalvao.com.br\/site\/wp-json\/wp\/v2\/tags?post=21790"}],"curies":[{"name":"wp","href":"https:\/\/api.w.org\/{rel}","templated":true}]}}