{"id":21786,"date":"2025-08-04T18:18:52","date_gmt":"2025-08-04T21:18:52","guid":{"rendered":"https:\/\/blogdodanielgalvao.com.br\/site\/?p=21786"},"modified":"2025-08-04T18:18:52","modified_gmt":"2025-08-04T21:18:52","slug":"futebol-solidario-arrecada-alimentos-nao-pereciveis-no-fim-de-semana-em-rio-das-ostras","status":"publish","type":"post","link":"https:\/\/blogdodanielgalvao.com.br\/site\/futebol-solidario-arrecada-alimentos-nao-pereciveis-no-fim-de-semana-em-rio-das-ostras\/","title":{"rendered":"Futebol solid\u00e1rio arrecada alimentos n\u00e3o perec\u00edveis no fim de semana em Rio das Ostras"},"content":{"rendered":"<p>A cidade de Rio das Ostras viveu um fim de semana de esporte e solidariedade com o duelo entre um time de masters do Vasco da Gama e o Clube N\u00e1utico de Rio das Ostras, disputada nesse s\u00e1bado, 2, no Est\u00e1dio Municipal Em\u00edlia Rosa Guimar\u00e3es, no Jardim Maril\u00e9a.<\/p>\n<p>Apesar do placar de 3 a 0 para os veteranos vasca\u00ednos, que reuniram ex-atletas campe\u00f5es pelo clube, como Pimentel, Sorato, Odvan, Jean e William, sob o comando de Ricardo Rocha, a partida terminou com a vit\u00f3ria da solidariedade.<\/p>\n<p>Com a entrada sendo 1 quilo (kg) de alimento n\u00e3o perec\u00edvel, o evento reuniu dezenas de alimentos que ser\u00e3o encaminhados pela Secretaria de Assist\u00eancia Social para fam\u00edlias do munic\u00edpio em situa\u00e7\u00e3o de vulnerabilidade social.<\/p>\n<p>\u201cE eu te falo com o cora\u00e7\u00e3o cheio: que evento bonito de ver. Gente de todos os cantos da cidade, sorrindo, se abra\u00e7ando, vibrando, e o melhor, cada um que entrou ali levou 1 kg de alimento. Pode parecer pouco, mas juntos arrecadamos muito. Alimentos que agora v\u00e3o chegar at\u00e9 as mesas de quem mais precisa. Isso sim \u00e9 vit\u00f3ria!\u201d, comemorou o prefeito Carlos Augusto (PL), em publica\u00e7\u00e3o nas redes sociais.<\/p>\n<p>Pelo Gigante da Colina, jogaram, Azul; Pimentel (depois Fausto), Alex Pinho, Odvan, e Bill; Geder (depois Ernani), Fabr\u00edcio Carvalho, Cristiano e William; Jean e Sorato. Os gols foram anotados por Sorato, Cristiano e Fabr\u00edcio Carvalho.<\/p>\n<p>O evento contou ainda com a presen\u00e7a do vice-prefeito e secret\u00e1rio de Sa\u00fade, Dr. F\u00e1bio Sim\u00f5es (MDB), e outras autoridades da cidade, que defenderam as cores alvirrubras do N\u00e1utico, cujo uniforme homenageou o N\u00e1utico mais famoso, de Recife, em Pernambuco (PE).<\/p>\n<p>\u201cVer um est\u00e1dio cheio de fam\u00edlias, sem confus\u00e3o, sem vaidade, s\u00f3 com esp\u00edrito de uni\u00e3o, \u00e9 exatamente o tipo de evento que eu quero ver cada vez mais em Rio das Ostras. Um ambiente leve, seguro, cheio de amor e prop\u00f3sito. A torcida do Vasco fez uma festa linda, e o mais incr\u00edvel: lado a lado com flamenguistas, tricolores e botafoguenses. Paz no futebol \u00e9 isso a\u00ed. Seguimos assim: juntos, com prop\u00f3sito, com responsabilidade e com a certeza de que Rio das Ostras tem muito mais pra viver\u201d, completou Carlos Augusto.<\/p>\n","protected":false},"excerpt":{"rendered":"<p>A cidade de Rio das Ostras viveu um fim de semana de esporte e solidariedade com o duelo entre um time de masters do Vasco da Gama e o Clube N\u00e1utico de Rio das Ostras, disputada nesse s\u00e1bado, 2, no Est\u00e1dio Municipal Em\u00edlia Rosa Guimar\u00e3es, no Jardim Maril\u00e9a. Apesar do placar de 3 a 0 [&hellip;]<\/p>\n","protected":false},"author":2,"featured_media":21787,"comment_status":"open","ping_status":"open","sticky":true,"template":"","format":"standard","meta":{"footnotes":""},"categories":[1],"tags":[],"class_list":["post-21786","post","type-post","status-publish","format-standard","has-post-thumbnail","hentry","category-sem-categoria"],"_links":{"self":[{"href":"https:\/\/blogdodanielgalvao.com.br\/site\/wp-json\/wp\/v2\/posts\/21786","targetHints":{"allow":["GET"]}}],"collection":[{"href":"https:\/\/blogdodanielgalvao.com.br\/site\/wp-json\/wp\/v2\/posts"}],"about":[{"href":"https:\/\/blogdodanielgalvao.com.br\/site\/wp-json\/wp\/v2\/types\/post"}],"author":[{"embeddable":true,"href":"https:\/\/blogdodanielgalvao.com.br\/site\/wp-json\/wp\/v2\/users\/2"}],"replies":[{"embeddable":true,"href":"https:\/\/blogdodanielgalvao.com.br\/site\/wp-json\/wp\/v2\/comments?post=21786"}],"version-history":[{"count":1,"href":"https:\/\/blogdodanielgalvao.com.br\/site\/wp-json\/wp\/v2\/posts\/21786\/revisions"}],"predecessor-version":[{"id":21788,"href":"https:\/\/blogdodanielgalvao.com.br\/site\/wp-json\/wp\/v2\/posts\/21786\/revisions\/21788"}],"wp:featuredmedia":[{"embeddable":true,"href":"https:\/\/blogdodanielgalvao.com.br\/site\/wp-json\/wp\/v2\/media\/21787"}],"wp:attachment":[{"href":"https:\/\/blogdodanielgalvao.com.br\/site\/wp-json\/wp\/v2\/media?parent=21786"}],"wp:term":[{"taxonomy":"category","embeddable":true,"href":"https:\/\/blogdodanielgalvao.com.br\/site\/wp-json\/wp\/v2\/categories?post=21786"},{"taxonomy":"post_tag","embeddable":true,"href":"https:\/\/blogdodanielgalvao.com.br\/site\/wp-json\/wp\/v2\/tags?post=21786"}],"curies":[{"name":"wp","href":"https:\/\/api.w.org\/{rel}","templated":true}]}}