{"id":21779,"date":"2025-08-04T17:19:38","date_gmt":"2025-08-04T20:19:38","guid":{"rendered":"https:\/\/blogdodanielgalvao.com.br\/site\/?p=21779"},"modified":"2025-08-04T17:19:38","modified_gmt":"2025-08-04T20:19:38","slug":"evento-une-familias-corrida-e-cerveja-artesanal-em-arraial-do-cabo","status":"publish","type":"post","link":"https:\/\/blogdodanielgalvao.com.br\/site\/evento-une-familias-corrida-e-cerveja-artesanal-em-arraial-do-cabo\/","title":{"rendered":"Evento une fam\u00edlias, corrida e cerveja artesanal em Arraial do Cabo"},"content":{"rendered":"<p>Com um cen\u00e1rio paradis\u00edaco e clima de confraterniza\u00e7\u00e3o, Arraial do Cabo foi palco, neste s\u00e1bado (2), do Circuito Cervejeiro de Corrida. O evento promoveu uma experi\u00eancia diferente ao unir atividade f\u00edsica, degusta\u00e7\u00e3o de cerveja e o p\u00f4r do sol da Praia Grande.<\/p>\n<p>A largada foi dada na Orla Fl\u00e1via Alessandra, e o percurso foi planejado com paradas estrat\u00e9gicas onde os participantes puderam experimentar diferentes tipos de cerveja. A proposta inusitada atraiu grupos de amigos e fam\u00edlias inteiras, que participaram com esp\u00edrito esportivo e muito bom humor.<\/p>\n<p>A programa\u00e7\u00e3o foi encerrada ao som do cantor Will Galdino, que comandou a festa no fim da tarde com m\u00fasica ao vivo e garantiu a anima\u00e7\u00e3o do p\u00fablico at\u00e9 o p\u00f4r do sol.<\/p>\n<p>Com apoio da Prefeitura de Arraial do Cabo, o circuito refor\u00e7a o potencial da cidade para eventos que valorizam o turismo, a cultura e o entretenimento em um dos cart\u00f5es-postais mais procurados da Regi\u00e3o\u00a0dos\u00a0Lagos.<\/p>\n","protected":false},"excerpt":{"rendered":"<p>Com um cen\u00e1rio paradis\u00edaco e clima de confraterniza\u00e7\u00e3o, Arraial do Cabo foi palco, neste s\u00e1bado (2), do Circuito Cervejeiro de Corrida. O evento promoveu uma experi\u00eancia diferente ao unir atividade f\u00edsica, degusta\u00e7\u00e3o de cerveja e o p\u00f4r do sol da Praia Grande. A largada foi dada na Orla Fl\u00e1via Alessandra, e o percurso foi planejado [&hellip;]<\/p>\n","protected":false},"author":2,"featured_media":21781,"comment_status":"open","ping_status":"open","sticky":true,"template":"","format":"standard","meta":{"footnotes":""},"categories":[838],"tags":[1896],"class_list":["post-21779","post","type-post","status-publish","format-standard","has-post-thumbnail","hentry","category-arraial-do-cabo","tag-destaque"],"_links":{"self":[{"href":"https:\/\/blogdodanielgalvao.com.br\/site\/wp-json\/wp\/v2\/posts\/21779","targetHints":{"allow":["GET"]}}],"collection":[{"href":"https:\/\/blogdodanielgalvao.com.br\/site\/wp-json\/wp\/v2\/posts"}],"about":[{"href":"https:\/\/blogdodanielgalvao.com.br\/site\/wp-json\/wp\/v2\/types\/post"}],"author":[{"embeddable":true,"href":"https:\/\/blogdodanielgalvao.com.br\/site\/wp-json\/wp\/v2\/users\/2"}],"replies":[{"embeddable":true,"href":"https:\/\/blogdodanielgalvao.com.br\/site\/wp-json\/wp\/v2\/comments?post=21779"}],"version-history":[{"count":1,"href":"https:\/\/blogdodanielgalvao.com.br\/site\/wp-json\/wp\/v2\/posts\/21779\/revisions"}],"predecessor-version":[{"id":21782,"href":"https:\/\/blogdodanielgalvao.com.br\/site\/wp-json\/wp\/v2\/posts\/21779\/revisions\/21782"}],"wp:featuredmedia":[{"embeddable":true,"href":"https:\/\/blogdodanielgalvao.com.br\/site\/wp-json\/wp\/v2\/media\/21781"}],"wp:attachment":[{"href":"https:\/\/blogdodanielgalvao.com.br\/site\/wp-json\/wp\/v2\/media?parent=21779"}],"wp:term":[{"taxonomy":"category","embeddable":true,"href":"https:\/\/blogdodanielgalvao.com.br\/site\/wp-json\/wp\/v2\/categories?post=21779"},{"taxonomy":"post_tag","embeddable":true,"href":"https:\/\/blogdodanielgalvao.com.br\/site\/wp-json\/wp\/v2\/tags?post=21779"}],"curies":[{"name":"wp","href":"https:\/\/api.w.org\/{rel}","templated":true}]}}