{"id":21776,"date":"2025-08-04T17:13:29","date_gmt":"2025-08-04T20:13:29","guid":{"rendered":"https:\/\/blogdodanielgalvao.com.br\/site\/?p=21776"},"modified":"2025-08-04T17:13:29","modified_gmt":"2025-08-04T20:13:29","slug":"estudante-e-agredida-dentro-de-escola-municipal-em-cabo-frio-e-caso-gera-indignacao","status":"publish","type":"post","link":"https:\/\/blogdodanielgalvao.com.br\/site\/estudante-e-agredida-dentro-de-escola-municipal-em-cabo-frio-e-caso-gera-indignacao\/","title":{"rendered":"Estudante \u00e9 agredida dentro de escola municipal em Cabo Frio e caso gera indigna\u00e7\u00e3o"},"content":{"rendered":"<p>Um epis\u00f3dio de viol\u00eancia entre alunos dentro do Col\u00e9gio Municipal Professor Edilson Duarte, em Cabo Frio, gerou revolta na manh\u00e3 desta segunda-feira (4). A agress\u00e3o, registrada em v\u00eddeo e compartilhada nas redes sociais, mostra um estudante jogando uma colega no ch\u00e3o e desferindo chutes contra sua cabe\u00e7a, dentro da unidade localizada no bairro Jardim Cai\u00e7ara.<\/p>\n<p>As imagens causaram forte rea\u00e7\u00e3o entre familiares e na comunidade escolar. A jovem, mesmo ca\u00edda, continuou sendo agredida com extrema viol\u00eancia, o que acendeu o alerta sobre a seguran\u00e7a nas escolas da rede p\u00fablica municipal.<\/p>\n<p>A Secretaria Municipal de Educa\u00e7\u00e3o, por meio de nota oficial, declarou que foi informada sobre o ocorrido e adotou todos os procedimentos necess\u00e1rios para garantir os direitos legais dos adolescentes envolvidos. O \u00f3rg\u00e3o ressaltou que repudia qualquer forma de viol\u00eancia, dentro ou fora do ambiente escolar, e que j\u00e1 est\u00e1 articulando, junto a outras institui\u00e7\u00f5es p\u00fablicas, atendimento psicol\u00f3gico e m\u00e9dico tanto para os estudantes quanto para seus familiares. Tamb\u00e9m foram prometidas a\u00e7\u00f5es preventivas para conter esse tipo de situa\u00e7\u00e3o.<\/p>\n<p>De acordo com a m\u00e3e da estudante agredida, a briga teria come\u00e7ado ap\u00f3s a adolescente supostamente acusar o colega de portar uma navalha. A m\u00e3e, no entanto, nega que a filha tenha feito qualquer acusa\u00e7\u00e3o. Ainda segundo seu relato, o rapaz teria reagido com hostilidade e proferido amea\u00e7as antes de agredi-la fisicamente.<\/p>\n<p>A ocorr\u00eancia foi registrada na Delegacia de Cabo Frio, onde tanto o agressor quanto a v\u00edtima prestaram depoimento. At\u00e9 o momento, a Prefeitura de Cabo Frio, respons\u00e1vel pela gest\u00e3o da escola, n\u00e3o se manifestou publicamente sobre o caso.<\/p>\n<p>O v\u00eddeo do ataque segue repercutindo nas redes sociais e levanta questionamentos sobre a aus\u00eancia de medidas mais efetivas para conter conflitos dentro das institui\u00e7\u00f5es de ensino do munic\u00edpio.<\/p>\n","protected":false},"excerpt":{"rendered":"<p>Um epis\u00f3dio de viol\u00eancia entre alunos dentro do Col\u00e9gio Municipal Professor Edilson Duarte, em Cabo Frio, gerou revolta na manh\u00e3 desta segunda-feira (4). A agress\u00e3o, registrada em v\u00eddeo e compartilhada nas redes sociais, mostra um estudante jogando uma colega no ch\u00e3o e desferindo chutes contra sua cabe\u00e7a, dentro da unidade localizada no bairro Jardim Cai\u00e7ara. [&hellip;]<\/p>\n","protected":false},"author":2,"featured_media":21777,"comment_status":"open","ping_status":"open","sticky":true,"template":"","format":"standard","meta":{"footnotes":""},"categories":[340],"tags":[1896],"class_list":["post-21776","post","type-post","status-publish","format-standard","has-post-thumbnail","hentry","category-cabo-frio","tag-destaque"],"_links":{"self":[{"href":"https:\/\/blogdodanielgalvao.com.br\/site\/wp-json\/wp\/v2\/posts\/21776","targetHints":{"allow":["GET"]}}],"collection":[{"href":"https:\/\/blogdodanielgalvao.com.br\/site\/wp-json\/wp\/v2\/posts"}],"about":[{"href":"https:\/\/blogdodanielgalvao.com.br\/site\/wp-json\/wp\/v2\/types\/post"}],"author":[{"embeddable":true,"href":"https:\/\/blogdodanielgalvao.com.br\/site\/wp-json\/wp\/v2\/users\/2"}],"replies":[{"embeddable":true,"href":"https:\/\/blogdodanielgalvao.com.br\/site\/wp-json\/wp\/v2\/comments?post=21776"}],"version-history":[{"count":1,"href":"https:\/\/blogdodanielgalvao.com.br\/site\/wp-json\/wp\/v2\/posts\/21776\/revisions"}],"predecessor-version":[{"id":21778,"href":"https:\/\/blogdodanielgalvao.com.br\/site\/wp-json\/wp\/v2\/posts\/21776\/revisions\/21778"}],"wp:featuredmedia":[{"embeddable":true,"href":"https:\/\/blogdodanielgalvao.com.br\/site\/wp-json\/wp\/v2\/media\/21777"}],"wp:attachment":[{"href":"https:\/\/blogdodanielgalvao.com.br\/site\/wp-json\/wp\/v2\/media?parent=21776"}],"wp:term":[{"taxonomy":"category","embeddable":true,"href":"https:\/\/blogdodanielgalvao.com.br\/site\/wp-json\/wp\/v2\/categories?post=21776"},{"taxonomy":"post_tag","embeddable":true,"href":"https:\/\/blogdodanielgalvao.com.br\/site\/wp-json\/wp\/v2\/tags?post=21776"}],"curies":[{"name":"wp","href":"https:\/\/api.w.org\/{rel}","templated":true}]}}