{"id":21769,"date":"2025-08-04T16:28:19","date_gmt":"2025-08-04T19:28:19","guid":{"rendered":"https:\/\/blogdodanielgalvao.com.br\/site\/?p=21769"},"modified":"2025-08-04T16:28:19","modified_gmt":"2025-08-04T19:28:19","slug":"cepro-em-rio-das-ostras-tem-inscricoes-abertas-para-curso-preparatorio-saiba-mais","status":"publish","type":"post","link":"https:\/\/blogdodanielgalvao.com.br\/site\/cepro-em-rio-das-ostras-tem-inscricoes-abertas-para-curso-preparatorio-saiba-mais\/","title":{"rendered":"Cepro, em Rio das Ostras tem inscri\u00e7\u00f5es abertas para curso preparat\u00f3rio; saiba mais"},"content":{"rendered":"<p>O Centro Cultural de Educa\u00e7\u00e3o Popular de Rio das Ostras (Cepro) anunciou a abertura das inscri\u00e7\u00f5es para o seu \u201cCursinho Popular Preparat\u00f3rio\u201d, voltado para estudantes que desejam fazer as provas para institui\u00e7\u00f5es t\u00e9cnicas federais, como o Instituto Federal Fluminense (IFF), e municipais, como o Col\u00e9gio de Aplica\u00e7\u00e3o (CAp) de Maca\u00e9.<\/p>\n<p>As vagas s\u00e3o destinadas a alunos do 9\u00ba ano do Ensino Fundamental da rede p\u00fablica municipal, e as inscri\u00e7\u00f5es podem ser feitas at\u00e9 essa quarta-feira, 7, por meio de formul\u00e1rio online, dispon\u00edvel atrav\u00e9s do link, https:\/\/forms.gle\/Q8n8gvLZHKRqbf5Q9.<\/p>\n<p>O projeto, que oferece aulas gratuitas com foco no ingresso de estudantes em institui\u00e7\u00f5es t\u00e9cnicas federais e institui\u00e7\u00f5es municipais, ter\u00e1 a sele\u00e7\u00e3o nessa quinta-feira, 8, com a aplica\u00e7\u00e3o de uma prova classificat\u00f3ria das 14h \u00e0s 17h, no pr\u00f3prio Cepro.<\/p>\n<p>Com vagas limitadas, o curso tem previs\u00e3o de aulas presenciais a partir de 15 de agosto, de segunda a sexta, das 14h \u00e0s 18h, at\u00e9 dezembro desse ano, tamb\u00e9m na sede do Cepro, que fica na Avenida das Flores, 394, no Residencial Praia \u00c2ncora.<\/p>\n<p>O conte\u00fado do \u201cCursinho Popular Preparat\u00f3rio\u201d do Cepro abrange as disciplinas de L\u00edngua Portuguesa, Matem\u00e1tica, Ci\u00eancias da Natureza, Geografia, Hist\u00f3ria e Reda\u00e7\u00e3o, e o resultado do processo de sele\u00e7\u00e3o ser\u00e1 divulgado na pr\u00f3xima segunda, 11.<\/p>\n<p>J\u00e1 as matr\u00edculas acontecem na ter\u00e7a e quarta-feira que vem, dias 12 e 13, tamb\u00e9m na sede da institui\u00e7\u00e3o, que oferece o curso com objetivo de ampliar o acesso de jovens da rede p\u00fablica \u00e0s institui\u00e7\u00f5es de ensino t\u00e9cnico.<\/p>\n<p>Para mais informa\u00e7\u00f5es, os interessados e interessadas no processo podem entrar em contato com o Cepro pelo site, www.ceprorj.com.br, pelo e-mail, cepro.rj@gmail.com, ou por mensagens de WhatsApp para o n\u00famero (22) 98809-1806.<\/p>\n","protected":false},"excerpt":{"rendered":"<p>O Centro Cultural de Educa\u00e7\u00e3o Popular de Rio das Ostras (Cepro) anunciou a abertura das inscri\u00e7\u00f5es para o seu \u201cCursinho Popular Preparat\u00f3rio\u201d, voltado para estudantes que desejam fazer as provas para institui\u00e7\u00f5es t\u00e9cnicas federais, como o Instituto Federal Fluminense (IFF), e municipais, como o Col\u00e9gio de Aplica\u00e7\u00e3o (CAp) de Maca\u00e9. As vagas s\u00e3o destinadas a [&hellip;]<\/p>\n","protected":false},"author":2,"featured_media":21770,"comment_status":"open","ping_status":"open","sticky":true,"template":"","format":"standard","meta":{"footnotes":""},"categories":[4],"tags":[],"class_list":["post-21769","post","type-post","status-publish","format-standard","has-post-thumbnail","hentry","category-rio-das-ostras"],"_links":{"self":[{"href":"https:\/\/blogdodanielgalvao.com.br\/site\/wp-json\/wp\/v2\/posts\/21769","targetHints":{"allow":["GET"]}}],"collection":[{"href":"https:\/\/blogdodanielgalvao.com.br\/site\/wp-json\/wp\/v2\/posts"}],"about":[{"href":"https:\/\/blogdodanielgalvao.com.br\/site\/wp-json\/wp\/v2\/types\/post"}],"author":[{"embeddable":true,"href":"https:\/\/blogdodanielgalvao.com.br\/site\/wp-json\/wp\/v2\/users\/2"}],"replies":[{"embeddable":true,"href":"https:\/\/blogdodanielgalvao.com.br\/site\/wp-json\/wp\/v2\/comments?post=21769"}],"version-history":[{"count":1,"href":"https:\/\/blogdodanielgalvao.com.br\/site\/wp-json\/wp\/v2\/posts\/21769\/revisions"}],"predecessor-version":[{"id":21771,"href":"https:\/\/blogdodanielgalvao.com.br\/site\/wp-json\/wp\/v2\/posts\/21769\/revisions\/21771"}],"wp:featuredmedia":[{"embeddable":true,"href":"https:\/\/blogdodanielgalvao.com.br\/site\/wp-json\/wp\/v2\/media\/21770"}],"wp:attachment":[{"href":"https:\/\/blogdodanielgalvao.com.br\/site\/wp-json\/wp\/v2\/media?parent=21769"}],"wp:term":[{"taxonomy":"category","embeddable":true,"href":"https:\/\/blogdodanielgalvao.com.br\/site\/wp-json\/wp\/v2\/categories?post=21769"},{"taxonomy":"post_tag","embeddable":true,"href":"https:\/\/blogdodanielgalvao.com.br\/site\/wp-json\/wp\/v2\/tags?post=21769"}],"curies":[{"name":"wp","href":"https:\/\/api.w.org\/{rel}","templated":true}]}}