{"id":21760,"date":"2025-08-04T16:10:29","date_gmt":"2025-08-04T19:10:29","guid":{"rendered":"https:\/\/blogdodanielgalvao.com.br\/site\/?p=21760"},"modified":"2025-08-04T16:10:29","modified_gmt":"2025-08-04T19:10:29","slug":"firjan-senai-apresenta-tendencias-da-construcao-civil-em-giro-tecnico-na-cidade-de-campos","status":"publish","type":"post","link":"https:\/\/blogdodanielgalvao.com.br\/site\/firjan-senai-apresenta-tendencias-da-construcao-civil-em-giro-tecnico-na-cidade-de-campos\/","title":{"rendered":"Firjan SENAI apresenta tend\u00eancias da Constru\u00e7\u00e3o Civil em Giro T\u00e9cnico na cidade de Campos"},"content":{"rendered":"<p>Campos ir\u00e1 receber no pr\u00f3ximo dia 8 de agosto o Giro T\u00e9cnico Setorial. O evento tem como objetivo promover um encontro gratuito e exclusivo voltado para empres\u00e1rios e profissionais da \u00e1rea de constru\u00e7\u00e3o civil. Ele ser\u00e1 realizado na Firjan SENAI, das 9h \u00e0s 12h.<\/p>\n<p>O encontro proporcionar\u00e1 aos presentes tamb\u00e9m uma excelente oportunidade para atualiza\u00e7\u00e3o t\u00e9cnica, networking e troca de experi\u00eancias, com foco nas principais tend\u00eancias que v\u00eam transformando o setor globalmente.<\/p>\n<p>Dentre os temas a serem abordados no evento, destacam-se: Inova\u00e7\u00f5es que est\u00e3o impactando o mercado; Tecnologias emergentes com potencial pr\u00e1tico de aplica\u00e7\u00e3o; Pr\u00e1ticas sustent\u00e1veis voltadas \u00e0 efici\u00eancia e responsabilidade ambiental; Solu\u00e7\u00f5es acess\u00edveis com foco em impacto e viabilidade.<\/p>\n<p>O Giro T\u00e9cnico Setorial ser\u00e1 realizado na Firjan Representa\u00e7\u00e3o Norte Fluminense (Rua Bruno de Azevedo, 37 \u2013 Jardim Maria Queiroz \u2013 Campos dos Goytacazes).<\/p>\n<p>As vagas s\u00e3o limitadas. A participa\u00e7\u00e3o \u00e9 gratuita, mediante inscri\u00e7\u00e3o pr\u00e9via atrav\u00e9s de link a ser fornecido via whatsapp: 22 99277-1961.<\/p>\n","protected":false},"excerpt":{"rendered":"<p>Campos ir\u00e1 receber no pr\u00f3ximo dia 8 de agosto o Giro T\u00e9cnico Setorial. O evento tem como objetivo promover um encontro gratuito e exclusivo voltado para empres\u00e1rios e profissionais da \u00e1rea de constru\u00e7\u00e3o civil. Ele ser\u00e1 realizado na Firjan SENAI, das 9h \u00e0s 12h. O encontro proporcionar\u00e1 aos presentes tamb\u00e9m uma excelente oportunidade para atualiza\u00e7\u00e3o [&hellip;]<\/p>\n","protected":false},"author":2,"featured_media":21763,"comment_status":"open","ping_status":"open","sticky":true,"template":"","format":"standard","meta":{"footnotes":""},"categories":[3],"tags":[],"class_list":["post-21760","post","type-post","status-publish","format-standard","has-post-thumbnail","hentry","category-campos"],"_links":{"self":[{"href":"https:\/\/blogdodanielgalvao.com.br\/site\/wp-json\/wp\/v2\/posts\/21760","targetHints":{"allow":["GET"]}}],"collection":[{"href":"https:\/\/blogdodanielgalvao.com.br\/site\/wp-json\/wp\/v2\/posts"}],"about":[{"href":"https:\/\/blogdodanielgalvao.com.br\/site\/wp-json\/wp\/v2\/types\/post"}],"author":[{"embeddable":true,"href":"https:\/\/blogdodanielgalvao.com.br\/site\/wp-json\/wp\/v2\/users\/2"}],"replies":[{"embeddable":true,"href":"https:\/\/blogdodanielgalvao.com.br\/site\/wp-json\/wp\/v2\/comments?post=21760"}],"version-history":[{"count":1,"href":"https:\/\/blogdodanielgalvao.com.br\/site\/wp-json\/wp\/v2\/posts\/21760\/revisions"}],"predecessor-version":[{"id":21764,"href":"https:\/\/blogdodanielgalvao.com.br\/site\/wp-json\/wp\/v2\/posts\/21760\/revisions\/21764"}],"wp:featuredmedia":[{"embeddable":true,"href":"https:\/\/blogdodanielgalvao.com.br\/site\/wp-json\/wp\/v2\/media\/21763"}],"wp:attachment":[{"href":"https:\/\/blogdodanielgalvao.com.br\/site\/wp-json\/wp\/v2\/media?parent=21760"}],"wp:term":[{"taxonomy":"category","embeddable":true,"href":"https:\/\/blogdodanielgalvao.com.br\/site\/wp-json\/wp\/v2\/categories?post=21760"},{"taxonomy":"post_tag","embeddable":true,"href":"https:\/\/blogdodanielgalvao.com.br\/site\/wp-json\/wp\/v2\/tags?post=21760"}],"curies":[{"name":"wp","href":"https:\/\/api.w.org\/{rel}","templated":true}]}}