{"id":21750,"date":"2025-08-04T16:00:06","date_gmt":"2025-08-04T19:00:06","guid":{"rendered":"https:\/\/blogdodanielgalvao.com.br\/site\/?p=21750"},"modified":"2025-08-04T16:00:13","modified_gmt":"2025-08-04T19:00:13","slug":"representantes-da-gcm-de-cabo-frio-conhecem-modelo-avancado-de-paulinia-e-sao-paulo","status":"publish","type":"post","link":"https:\/\/blogdodanielgalvao.com.br\/site\/representantes-da-gcm-de-cabo-frio-conhecem-modelo-avancado-de-paulinia-e-sao-paulo\/","title":{"rendered":"Representantes da GCM de Cabo Frio conhecem modelo avan\u00e7ado de Paul\u00ednia e S\u00e3o Paulo"},"content":{"rendered":"\n<p>Com a proposta de modernizar a atua\u00e7\u00e3o da Guarda Civil Municipal, a Secretaria de Seguran\u00e7a e Ordem P\u00fablica de Cabo Frio enviou uma equipe t\u00e9cnica a S\u00e3o Paulo para um interc\u00e2mbio com foco em inova\u00e7\u00e3o e pr\u00e1ticas operacionais de refer\u00eancia. A visita ocorreu entre os dias 31 de julho e 2 de agosto e passou pelas cidades de Paul\u00ednia e da capital paulista.<\/p>\n\n\n\n<p>Na quinta-feira (31), o grupo liderado pelo inspetor geral \u00c2ngelo Amaral conheceu a infraestrutura da Guarda Municipal de Paul\u00ednia, reconhecida pelo uso intensivo de tecnologia, patrulhamento estrat\u00e9gico e pela atua\u00e7\u00e3o de uma tropa armada altamente capacitada. O munic\u00edpio implantou um Centro de Monitoramento com recursos avan\u00e7ados, o que reduziu os \u00edndices de furto em mais de 70% no primeiro ano de opera\u00e7\u00e3o.<\/p>\n\n\n\n<p>Durante a agenda em Paul\u00ednia, tamb\u00e9m foi apresentada \u00e0 comitiva a Inspetoria de Opera\u00e7\u00f5es Especiais (IOPE), unidade de resposta r\u00e1pida composta por cerca de 400 agentes armados. Segundo os anfitri\u00f5es, a corpora\u00e7\u00e3o mant\u00e9m elevado n\u00edvel de aprova\u00e7\u00e3o popular, embora esse modelo ainda n\u00e3o esteja implementado no estado do Rio de Janeiro.<\/p>\n\n\n\n<p>No dia seguinte, j\u00e1 na capital, os representantes da GCM prestigiaram a formatura dos servidores Leonardo Thim\u00f3teo e Vin\u00edcius Braga, concluintes do curso de operador de drones para fins de seguran\u00e7a p\u00fablica. Ambos se juntam aos agentes Matheus Henrique e Marcelo Arruda, que j\u00e1 possu\u00edam a certifica\u00e7\u00e3o. Com isso, a Guarda Civil de Cabo Frio passa a contar com quatro profissionais habilitados para operar drones em a\u00e7\u00f5es estrat\u00e9gicas.<\/p>\n\n\n\n<p>Na mesma visita, o grupo conheceu o Smart Sampa, um dos maiores centros de intelig\u00eancia urbana do pa\u00eds. A unidade opera com o sistema \u201cSentinel\u201d, desenvolvido pela pr\u00f3pria guarda paulistana. A ferramenta tecnol\u00f3gica j\u00e1 possibilitou mais de 3 mil flagrantes apenas em 2025, sem disparo de arma de fogo, evidenciando efici\u00eancia na abordagem e uso controlado da for\u00e7a.<\/p>\n\n\n\n<p>Compuseram a comitiva os coordenadores Douglas Ribeiro (Ensino), Matheus Henrique (Ronda Ostensiva Municipal &#8211; ROMU), Rafael Peixoto (Observat\u00f3rio Municipal de Seguran\u00e7a) e Marcelo Arruda (Grupamento T\u00e1tico M\u00f3vel &#8211; GTM).<\/p>\n\n\n\n<p>A delega\u00e7\u00e3o retornou a Cabo Frio na madrugada do s\u00e1bado (2), trazendo aprendizados e experi\u00eancias que dever\u00e3o refletir diretamente no aprimoramento da seguran\u00e7a p\u00fablica local. \u201cA viv\u00eancia em S\u00e3o Paulo e Paul\u00ednia foi extremamente produtiva. Trocamos experi\u00eancias valiosas que pretendemos aplicar em Cabo Frio, fortalecendo ainda mais a qualifica\u00e7\u00e3o da nossa Guarda Civil\u201d, afirmou o comandante \u00c2ngelo Amaral.<\/p>\n\n\n\n<p>A iniciativa faz parte do pacote de a\u00e7\u00f5es da Secretaria de Seguran\u00e7a e Ordem P\u00fablica que busca alinhar a GCM de Cabo Frio \u00e0s melhores pr\u00e1ticas do pa\u00eds, ampliando sua capacidade de resposta e o compromisso com a seguran\u00e7a&nbsp;da&nbsp;popula\u00e7\u00e3o.&nbsp;&nbsp;&nbsp;&nbsp;<\/p>\n","protected":false},"excerpt":{"rendered":"<p>Com a proposta de modernizar a atua\u00e7\u00e3o da Guarda Civil Municipal, a Secretaria de Seguran\u00e7a e Ordem P\u00fablica de Cabo Frio enviou uma equipe t\u00e9cnica a S\u00e3o Paulo para um interc\u00e2mbio com foco em inova\u00e7\u00e3o e pr\u00e1ticas operacionais de refer\u00eancia. A visita ocorreu entre os dias 31 de julho e 2 de agosto e passou [&hellip;]<\/p>\n","protected":false},"author":2,"featured_media":21761,"comment_status":"open","ping_status":"open","sticky":true,"template":"","format":"standard","meta":{"footnotes":""},"categories":[340],"tags":[1896],"class_list":["post-21750","post","type-post","status-publish","format-standard","has-post-thumbnail","hentry","category-cabo-frio","tag-destaque"],"_links":{"self":[{"href":"https:\/\/blogdodanielgalvao.com.br\/site\/wp-json\/wp\/v2\/posts\/21750","targetHints":{"allow":["GET"]}}],"collection":[{"href":"https:\/\/blogdodanielgalvao.com.br\/site\/wp-json\/wp\/v2\/posts"}],"about":[{"href":"https:\/\/blogdodanielgalvao.com.br\/site\/wp-json\/wp\/v2\/types\/post"}],"author":[{"embeddable":true,"href":"https:\/\/blogdodanielgalvao.com.br\/site\/wp-json\/wp\/v2\/users\/2"}],"replies":[{"embeddable":true,"href":"https:\/\/blogdodanielgalvao.com.br\/site\/wp-json\/wp\/v2\/comments?post=21750"}],"version-history":[{"count":1,"href":"https:\/\/blogdodanielgalvao.com.br\/site\/wp-json\/wp\/v2\/posts\/21750\/revisions"}],"predecessor-version":[{"id":21762,"href":"https:\/\/blogdodanielgalvao.com.br\/site\/wp-json\/wp\/v2\/posts\/21750\/revisions\/21762"}],"wp:featuredmedia":[{"embeddable":true,"href":"https:\/\/blogdodanielgalvao.com.br\/site\/wp-json\/wp\/v2\/media\/21761"}],"wp:attachment":[{"href":"https:\/\/blogdodanielgalvao.com.br\/site\/wp-json\/wp\/v2\/media?parent=21750"}],"wp:term":[{"taxonomy":"category","embeddable":true,"href":"https:\/\/blogdodanielgalvao.com.br\/site\/wp-json\/wp\/v2\/categories?post=21750"},{"taxonomy":"post_tag","embeddable":true,"href":"https:\/\/blogdodanielgalvao.com.br\/site\/wp-json\/wp\/v2\/tags?post=21750"}],"curies":[{"name":"wp","href":"https:\/\/api.w.org\/{rel}","templated":true}]}}