{"id":21743,"date":"2025-08-04T14:49:50","date_gmt":"2025-08-04T17:49:50","guid":{"rendered":"https:\/\/blogdodanielgalvao.com.br\/site\/?p=21743"},"modified":"2025-08-04T14:49:50","modified_gmt":"2025-08-04T17:49:50","slug":"em-macae-a-civil-prendeu-um-pai-acusado-de-espancar-a-filha-autista","status":"publish","type":"post","link":"https:\/\/blogdodanielgalvao.com.br\/site\/em-macae-a-civil-prendeu-um-pai-acusado-de-espancar-a-filha-autista\/","title":{"rendered":"Em Maca\u00e9, a Civil prendeu um pai acusado de espancar a filha autista"},"content":{"rendered":"<p>A Pol\u00edcia Civil de Maca\u00e9 prendeu na noite da \u00faltima sexta-feira (01) um pai acusado de espancar a pr\u00f3pria filha, uma crian\u00e7a autista de apenas 5 anos de idade. A a\u00e7\u00e3o contou com a coordena\u00e7\u00e3o do delegado Dr. Pedro Em\u00edlio Braga e Dr. Filipe Poeys.<\/p>\n<p>As autoridades tomaram conhecimento do caso quando a m\u00e3e da menina procurou o Conselho Tutelar II. Ela recebeu uma liga\u00e7\u00e3o da irm\u00e3 do agressor. Na conversa, foi alertada sobre os maus-tratos sofridos pela crian\u00e7a.<\/p>\n<p>De acordo com a ocorr\u00eancia, a tia da crian\u00e7a notou a presen\u00e7a de hematomas espalhados por todo o corpo da menina. O pai chegou a afirmar que os ferimentos foram formados devido a uma queda no banheiro. S\u00f3 que novas marcas de agress\u00e3o continuaram surgindo.<\/p>\n<p>As marcas tamb\u00e9m n\u00e3o se mostravam compat\u00edveis com uma queda. A m\u00e3e da menina descobriu novos hematomas quando a levou ao banheiro e retirou suas roupas. Nesse momento, a crian\u00e7a em prantos pedia para deixar a casa do pai.<\/p>\n<p>Com base nas informa\u00e7\u00f5es colhidas, os policiais montaram a opera\u00e7\u00e3o para capturar o autor das agress\u00f5es. O acusado foi localizado no bairro Parque Aeroporto. Ele foi preso em flagrante pelo crime de tortura.<\/p>\n","protected":false},"excerpt":{"rendered":"<p>A Pol\u00edcia Civil de Maca\u00e9 prendeu na noite da \u00faltima sexta-feira (01) um pai acusado de espancar a pr\u00f3pria filha, uma crian\u00e7a autista de apenas 5 anos de idade. A a\u00e7\u00e3o contou com a coordena\u00e7\u00e3o do delegado Dr. Pedro Em\u00edlio Braga e Dr. Filipe Poeys. As autoridades tomaram conhecimento do caso quando a m\u00e3e da [&hellip;]<\/p>\n","protected":false},"author":2,"featured_media":21744,"comment_status":"open","ping_status":"open","sticky":true,"template":"","format":"standard","meta":{"footnotes":""},"categories":[1899],"tags":[494],"class_list":["post-21743","post","type-post","status-publish","format-standard","has-post-thumbnail","hentry","category-policia","tag-policia"],"_links":{"self":[{"href":"https:\/\/blogdodanielgalvao.com.br\/site\/wp-json\/wp\/v2\/posts\/21743","targetHints":{"allow":["GET"]}}],"collection":[{"href":"https:\/\/blogdodanielgalvao.com.br\/site\/wp-json\/wp\/v2\/posts"}],"about":[{"href":"https:\/\/blogdodanielgalvao.com.br\/site\/wp-json\/wp\/v2\/types\/post"}],"author":[{"embeddable":true,"href":"https:\/\/blogdodanielgalvao.com.br\/site\/wp-json\/wp\/v2\/users\/2"}],"replies":[{"embeddable":true,"href":"https:\/\/blogdodanielgalvao.com.br\/site\/wp-json\/wp\/v2\/comments?post=21743"}],"version-history":[{"count":1,"href":"https:\/\/blogdodanielgalvao.com.br\/site\/wp-json\/wp\/v2\/posts\/21743\/revisions"}],"predecessor-version":[{"id":21745,"href":"https:\/\/blogdodanielgalvao.com.br\/site\/wp-json\/wp\/v2\/posts\/21743\/revisions\/21745"}],"wp:featuredmedia":[{"embeddable":true,"href":"https:\/\/blogdodanielgalvao.com.br\/site\/wp-json\/wp\/v2\/media\/21744"}],"wp:attachment":[{"href":"https:\/\/blogdodanielgalvao.com.br\/site\/wp-json\/wp\/v2\/media?parent=21743"}],"wp:term":[{"taxonomy":"category","embeddable":true,"href":"https:\/\/blogdodanielgalvao.com.br\/site\/wp-json\/wp\/v2\/categories?post=21743"},{"taxonomy":"post_tag","embeddable":true,"href":"https:\/\/blogdodanielgalvao.com.br\/site\/wp-json\/wp\/v2\/tags?post=21743"}],"curies":[{"name":"wp","href":"https:\/\/api.w.org\/{rel}","templated":true}]}}