{"id":21652,"date":"2025-07-31T18:29:38","date_gmt":"2025-07-31T21:29:38","guid":{"rendered":"https:\/\/blogdodanielgalvao.com.br\/site\/?p=21652"},"modified":"2025-07-31T18:29:38","modified_gmt":"2025-07-31T21:29:38","slug":"sessoes-de-cinema-comentado-em-agosto-homenageiam-kleber-mendonca-filho-em-macae","status":"publish","type":"post","link":"https:\/\/blogdodanielgalvao.com.br\/site\/sessoes-de-cinema-comentado-em-agosto-homenageiam-kleber-mendonca-filho-em-macae\/","title":{"rendered":"Sess\u00f5es de Cinema Comentado em agosto homenageiam Kleber Mendon\u00e7a Filho em Maca\u00e9"},"content":{"rendered":"<p>A Prefeitura de Maca\u00e9, por meio da Secretaria de Cultura, informa a programa\u00e7\u00e3o do Cinema Comentado para o m\u00eas de agosto no Solar dos Mellos \u2013 Museu da Cidade de Maca\u00e9. Com entrada gratuita, o ciclo homenageia o cineasta Kleber Mendon\u00e7a Filho, com debates e exibi\u00e7\u00f5es que prometem atrair os amantes da s\u00e9tima arte.<\/p>\n<p>O circuito de sess\u00f5es comentadas ocorrer\u00e1 \u00e0s ter\u00e7as-feiras, sempre \u00e0s 19h, com a exibi\u00e7\u00e3o seguida de debate: 12 de agosto \u2013 O Som ao Redor; 19 de agosto \u2013 Aquarius e 26 de agosto\u2013 Bacurau.<\/p>\n<p>Cada sess\u00e3o ser\u00e1 conduzida por mediadores, que conduzir\u00e3o a discuss\u00e3o sobre os aspectos cinematogr\u00e1ficos, sociais e pol\u00edticos das obras, enriquecendo a experi\u00eancia do p\u00fablico.<\/p>\n<p>O projeto integra a agenda cultural regular do Solar dos Mellos, que tem sediado sess\u00f5es de cinema comentado e outras atividades voltadas \u00e0 forma\u00e7\u00e3o de p\u00fablico e \u00e0 valoriza\u00e7\u00e3o do cinema nacional.<\/p>\n<p>A programa\u00e7\u00e3o foi criada com o objetivo de valorizar as produ\u00e7\u00f5es de Kleber Mendon\u00e7a Filho, considerado um dos grandes nomes do cinema nacional contempor\u00e2neo. Al\u00e9m disso, o evento tamb\u00e9m oferece uma oportunidade para reflex\u00f5es coletivas sobre arte, sociedade e identidade local. O endere\u00e7o do Solar dos Mellos \u00e9 Rua Conde de Araruama, 248.<\/p>\n<p>Conhe\u00e7a Kleber Mendon\u00e7a Filho<\/p>\n<p>Kleber de Mendon\u00e7a Vasconcellos Filho, mais conhecido como Kleber Mendon\u00e7a Filho, nasceu em Recife, em novembro de 1968. Formado em jornalismo na Universidade Federal de Pernambuco (UFPE), Kleber se tornou cr\u00edtico de cinema e depois come\u00e7ou a produzir curtas.<\/p>\n<p>Recife Frio, curta-metragem lan\u00e7ado em 2009, conta uma hist\u00f3ria fict\u00edcia sobre Recife, em uma realidade onde, ap\u00f3s passar por uma desconhecida mudan\u00e7a clim\u00e1tica, a cidade quente e tropical se torna fria. Recebe mais de 50 pr\u00eamios no Brasil e no exterior, tornando-se o curta-metragem brasileiro mais premiado desde Ilha das Flores (1989), de Jorge Furtado. Atrav\u00e9s de Recife Frio, Kleber recebeu reconhecimento e notoriedade.<\/p>\n<p>O primeiro longa-metragem de fic\u00e7\u00e3o, O Som ao Redor, em 2012, foi um tremendo sucesso de cr\u00edticas, entrando na lista dos 100 melhores filmes brasileiros de todos os tempos, da Abraccine.<\/p>\n<p>Depois de O Som ao Redor, Kleber Mendon\u00e7a Filho produziu Aquarius (2016) e Bacurau (2019). O Som ao Redor e Aquarius entraram na lista dos 10 melhores filmes do ano, feita pelo jornal norte-americano The New York Times. Bacurau ganhou o Pr\u00eamio do J\u00fari no Festival de Cannes, o primeiro filme brasileiro na hist\u00f3ria a conquist\u00e1-lo.<\/p>\n<p>Neste ano, seu filme O Agente Secreto ganha os pr\u00eamios de Melhor Diretor no Festival de Cannes de 2025 e o ator Wagner Moura de Melhor Ator. O filme deve ser indicado para o Oscar.<\/p>\n","protected":false},"excerpt":{"rendered":"<p>A Prefeitura de Maca\u00e9, por meio da Secretaria de Cultura, informa a programa\u00e7\u00e3o do Cinema Comentado para o m\u00eas de agosto no Solar dos Mellos \u2013 Museu da Cidade de Maca\u00e9. Com entrada gratuita, o ciclo homenageia o cineasta Kleber Mendon\u00e7a Filho, com debates e exibi\u00e7\u00f5es que prometem atrair os amantes da s\u00e9tima arte. O [&hellip;]<\/p>\n","protected":false},"author":2,"featured_media":21653,"comment_status":"open","ping_status":"open","sticky":true,"template":"","format":"standard","meta":{"footnotes":""},"categories":[2331],"tags":[],"class_list":["post-21652","post","type-post","status-publish","format-standard","has-post-thumbnail","hentry","category-cultura"],"_links":{"self":[{"href":"https:\/\/blogdodanielgalvao.com.br\/site\/wp-json\/wp\/v2\/posts\/21652","targetHints":{"allow":["GET"]}}],"collection":[{"href":"https:\/\/blogdodanielgalvao.com.br\/site\/wp-json\/wp\/v2\/posts"}],"about":[{"href":"https:\/\/blogdodanielgalvao.com.br\/site\/wp-json\/wp\/v2\/types\/post"}],"author":[{"embeddable":true,"href":"https:\/\/blogdodanielgalvao.com.br\/site\/wp-json\/wp\/v2\/users\/2"}],"replies":[{"embeddable":true,"href":"https:\/\/blogdodanielgalvao.com.br\/site\/wp-json\/wp\/v2\/comments?post=21652"}],"version-history":[{"count":1,"href":"https:\/\/blogdodanielgalvao.com.br\/site\/wp-json\/wp\/v2\/posts\/21652\/revisions"}],"predecessor-version":[{"id":21654,"href":"https:\/\/blogdodanielgalvao.com.br\/site\/wp-json\/wp\/v2\/posts\/21652\/revisions\/21654"}],"wp:featuredmedia":[{"embeddable":true,"href":"https:\/\/blogdodanielgalvao.com.br\/site\/wp-json\/wp\/v2\/media\/21653"}],"wp:attachment":[{"href":"https:\/\/blogdodanielgalvao.com.br\/site\/wp-json\/wp\/v2\/media?parent=21652"}],"wp:term":[{"taxonomy":"category","embeddable":true,"href":"https:\/\/blogdodanielgalvao.com.br\/site\/wp-json\/wp\/v2\/categories?post=21652"},{"taxonomy":"post_tag","embeddable":true,"href":"https:\/\/blogdodanielgalvao.com.br\/site\/wp-json\/wp\/v2\/tags?post=21652"}],"curies":[{"name":"wp","href":"https:\/\/api.w.org\/{rel}","templated":true}]}}